{"id":99,"date":"2008-12-20T17:51:15","date_gmt":"2008-12-20T15:51:15","guid":{"rendered":"http:\/\/www.photoaddiction.fr\/blog\/?p=99"},"modified":"2008-12-31T16:43:05","modified_gmt":"2008-12-31T14:43:05","slug":"voyage-au-portugal-du-20-au-28","status":"publish","type":"post","link":"http:\/\/www.photoaddiction.fr\/blog\/voyage-au-portugal-du-20-au-28\/","title":{"rendered":"Voyage au portugal du 20 au 28"},"content":{"rendered":"<p>j&rsquo;arrive \u00e0 la fin de mon voyage qui a d\u00e9but\u00e9 le 20 \u00e0 Faro et se terminera demain \u00e0 porto.<\/p>\n<p><a href=\"http:\/\/www.photoaddiction.fr\/illustration\/IMG_8403.jpg\" target=\"_blank\"><img loading=\"lazy\" class=\"alignleft\" style=\"float: left; border: black 2px solid;\" src=\"http:\/\/www.photoaddiction.fr\/illustration\/IMG_8403-2.jpg\" alt=\"\" width=\"200\" height=\"112\" \/><\/a>un voyage qui a commenc\u00e9 \u00e0 l&rsquo;extr\u00e8me sud du portugal pour se terminer \u00e0 porto en ayant pass\u00e9 par lisbonne. le sud tr\u00e8s agr\u00e9able du soleil la journ\u00e9e m\u00eame si un peu frais le soir et la nuit. mais j&rsquo;ai eu des jours en tee shirt &#8230; au nord par contre ca caille ! mais on mange bien pour pas cher. je suis all\u00e9 ce midi \u00e0 un petit restaurant ou j&rsquo;ai mang\u00e9 du poulet des frites et du riz avec une boisson et un caf\u00e9 pour finir \u00e0 4\u20ac50 &#8230;<\/p>\n<p>ici une photo prise \u00e0 Bar\u00e3o de S. Jo\u00e3o. un petit village en attendant l&rsquo;ouverture du zoo de lagos, la composition des chiens prenant l&rsquo;air m&rsquo;a sembl\u00e9 \u00e9tonnante.<\/p>\n<p>\u00a0<\/p>\n<p>j&rsquo;ai fait des milliers de photos, (seul j&rsquo;ai \u00e9t\u00e9 tranquile)<\/p>\n<p>cap de sagres,<\/p>\n<p>zoo de lagos,<\/p>\n<p>Ria formoso avec un guide et sans guide (un grand marquenterre avec des flamants roses)<\/p>\n<p>krazy wolrd<\/p>\n<p>Zoo marine<\/p>\n<p>le parc zoologique de lisbonne (suis pass\u00e9 sur le grand pont)<\/p>\n<p>zoo de maia<\/p>\n<p>et d&rsquo;autres bricoles plus personelles, cela faisait environ 18 ans que je n&rsquo;avais pas mis les pieds ici.<\/p>\n<p>bient\u00f4t la suite !!!<\/p>\n","protected":false},"excerpt":{"rendered":"<p>j&rsquo;arrive \u00e0 la fin de mon voyage qui a d\u00e9but\u00e9 le 20 \u00e0 Faro et se terminera demain \u00e0 porto. un voyage qui&#8230;<\/p>\n","protected":false},"author":1,"featured_media":0,"comment_status":"open","ping_status":"open","sticky":false,"template":"","format":"standard","meta":[],"categories":[3],"tags":[],"_links":{"self":[{"href":"http:\/\/www.photoaddiction.fr\/blog\/wp-json\/wp\/v2\/posts\/99"}],"collection":[{"href":"http:\/\/www.photoaddiction.fr\/blog\/wp-json\/wp\/v2\/posts"}],"about":[{"href":"http:\/\/www.photoaddiction.fr\/blog\/wp-json\/wp\/v2\/types\/post"}],"author":[{"embeddable":true,"href":"http:\/\/www.photoaddiction.fr\/blog\/wp-json\/wp\/v2\/users\/1"}],"replies":[{"embeddable":true,"href":"http:\/\/www.photoaddiction.fr\/blog\/wp-json\/wp\/v2\/comments?post=99"}],"version-history":[{"count":0,"href":"http:\/\/www.photoaddiction.fr\/blog\/wp-json\/wp\/v2\/posts\/99\/revisions"}],"wp:attachment":[{"href":"http:\/\/www.photoaddiction.fr\/blog\/wp-json\/wp\/v2\/media?parent=99"}],"wp:term":[{"taxonomy":"category","embeddable":true,"href":"http:\/\/www.photoaddiction.fr\/blog\/wp-json\/wp\/v2\/categories?post=99"},{"taxonomy":"post_tag","embeddable":true,"href":"http:\/\/www.photoaddiction.fr\/blog\/wp-json\/wp\/v2\/tags?post=99"}],"curies":[{"name":"wp","href":"https:\/\/api.w.org\/{rel}","templated":true}]}}