{"id":80,"date":"2008-08-26T19:32:27","date_gmt":"2008-08-26T17:32:27","guid":{"rendered":"http:\/\/www.photoaddiction.fr\/blog\/?p=80"},"modified":"2008-08-26T19:32:27","modified_gmt":"2008-08-26T17:32:27","slug":"paradisio-le-25-aout-2008","status":"publish","type":"post","link":"http:\/\/www.photoaddiction.fr\/blog\/paradisio-le-25-aout-2008\/","title":{"rendered":"Paradisio le 25 Aout 2008"},"content":{"rendered":"<p><a href=\"http:\/\/www.photoaddiction.fr\/www\/albums\/paradisio250808\/\" target=\"_blank\"><img loading=\"lazy\" class=\"alignleft\" style=\"float: left; border: black 1px solid;\" src=\"http:\/\/www.photoaddiction.fr\/www\/albums\/paradisio250808\/thumbs\/IMG_3242.jpg\" alt=\"\" width=\"180\" height=\"119\" \/><\/a>Ok je suis all\u00e9 au luxembourg samedi me chercher le 70-200 F2,8 IS canon depuis le temps que j&rsquo;en r\u00eavais. Alors je vous laisse imaginer comment je tr\u00e9pignais dimanche de ne pas avoir de soleil. Lundi un petit rayon et hop je sort \u00e0 paradisio c&rsquo;est \u00e0 1 heure de route, j&rsquo;y suis \u00e0 l&rsquo;ouverture. Moins de monde que le week end ce qui est un vrai plaisir.<\/p>\n<p>ALors ? eh bien je n&rsquo;ai pas encore l&rsquo;habitude de l&rsquo;objectif mais j&rsquo;en suis d\u00e9j\u00e0 tr\u00e8s content. je l&rsquo;ai utilis\u00e9 les 7 heures que je suis rest\u00e9 la bas. il y avait des photos que je voulais r\u00e9ussir, des oiseaux en vol et les m\u00e9duses. apr\u00e8s la r\u00e9ussite de la chauve souris \u00e0 jurques je me disait 2,8 d&rsquo;ouverture \u00e0 200 mm ca devrait le faire \ud83d\ude42 Vous jugerez par vous m\u00eame.<\/p>\n<p>Une chose \u00e9tonnante est une tortue qui essayait de passer un muret \u00e0 l&rsquo;aide d&rsquo;une autre tortue incroyable.<br \/>\nautre chose j&rsquo;ai vu deux\u00a0 avions dans le ciel de paradisio (voir photo) je ne me rappelle pas en avoir vu auparavant.<br \/>\nVoila je suis impatient de tester dans d&rsquo;autres conditions.<br \/>\njos\u00e9<\/p>\n<p>n&rsquo;oubliez pas de cliquer sur la miniature pour ouvrire la galerie<\/p>\n","protected":false},"excerpt":{"rendered":"<p>Ok je suis all\u00e9 au luxembourg samedi me chercher le 70-200 F2,8 IS canon depuis le temps que j&rsquo;en r\u00eavais. Alors je vous&#8230;<\/p>\n","protected":false},"author":1,"featured_media":0,"comment_status":"open","ping_status":"open","sticky":false,"template":"","format":"standard","meta":[],"categories":[5,61],"tags":[],"_links":{"self":[{"href":"http:\/\/www.photoaddiction.fr\/blog\/wp-json\/wp\/v2\/posts\/80"}],"collection":[{"href":"http:\/\/www.photoaddiction.fr\/blog\/wp-json\/wp\/v2\/posts"}],"about":[{"href":"http:\/\/www.photoaddiction.fr\/blog\/wp-json\/wp\/v2\/types\/post"}],"author":[{"embeddable":true,"href":"http:\/\/www.photoaddiction.fr\/blog\/wp-json\/wp\/v2\/users\/1"}],"replies":[{"embeddable":true,"href":"http:\/\/www.photoaddiction.fr\/blog\/wp-json\/wp\/v2\/comments?post=80"}],"version-history":[{"count":0,"href":"http:\/\/www.photoaddiction.fr\/blog\/wp-json\/wp\/v2\/posts\/80\/revisions"}],"wp:attachment":[{"href":"http:\/\/www.photoaddiction.fr\/blog\/wp-json\/wp\/v2\/media?parent=80"}],"wp:term":[{"taxonomy":"category","embeddable":true,"href":"http:\/\/www.photoaddiction.fr\/blog\/wp-json\/wp\/v2\/categories?post=80"},{"taxonomy":"post_tag","embeddable":true,"href":"http:\/\/www.photoaddiction.fr\/blog\/wp-json\/wp\/v2\/tags?post=80"}],"curies":[{"name":"wp","href":"https:\/\/api.w.org\/{rel}","templated":true}]}}