{"id":76,"date":"2008-08-15T10:25:15","date_gmt":"2008-08-15T08:25:15","guid":{"rendered":"http:\/\/www.photoaddiction.fr\/blog\/?p=76"},"modified":"2009-05-22T04:39:40","modified_gmt":"2009-05-22T02:39:40","slug":"parc-du-marquenterre-le-15-aout-2008","status":"publish","type":"post","link":"http:\/\/www.photoaddiction.fr\/blog\/parc-du-marquenterre-le-15-aout-2008\/","title":{"rendered":"Parc du marquenterre le 15 aout 2008"},"content":{"rendered":"<p><a href=\"http:\/\/www.photoaddiction.fr\/www\/albums\/marquenterre150808\/\" target=\"_blank\"><img loading=\"lazy\" class=\"alignleft\" style=\"float: left; border: black 2px solid;\" src=\"http:\/\/www.photoaddiction.fr\/www\/albums\/marquenterre150808\/thumbs\/IMG_7916.jpg\" alt=\"\" width=\"124\" height=\"82\" \/><\/a>Nous n&rsquo;avons pas eu que du mauvais temps, pour preuve ce 15 Aout o\u00f9 je suis all\u00e9 faire un tour en baie de somme. j&rsquo;en ai profit\u00e9 pour faire un tour au parc du marquenterre. <a href=\"http:\/\/www.baiedesomme.org\/html\/fr\/approche-carto\/index-marquenterre.htm\" target=\"_blank\"><span style=\"color: #ff0000;\">Site officiel ici<\/span><\/a><\/p>\n<p>Entr\u00e9e environ 10 \u20ac ce qui me semble encore une fois excessif, pour vous d\u00e9crire un peu le parc, il sagit de Thumeries ou Bergelen en un peu plus grand et un peu mieux balis\u00e9. J&rsquo;ai fait le plus grand parcours 6km et quelques. Bon il y a des oiseaux, principalement des canards des oies en gros des volatiles communs. Tr\u00e8s loin il faut des jumelles pour les observer \u00e0 peu pr\u00e8s correctement (d&rsquo;ailleurs des jumelles sont pr\u00eat\u00e9es pour 4 \u20ac). j&rsquo;ai fait quelques photos au 500 mm mais je n&rsquo;en suis pas content. pour que j&rsquo;utilise le 500mm il faut qu&rsquo;il n&rsquo;y ai pas de vent, beaucoup de lumi\u00e8re et un sujet qui ne bouge pas trop et ne soit pas trop loin. Donc j&rsquo;en ai profit\u00e9 pour prendre les papillons aux alentours etc ..<\/p>\n<p><a href=\"http:\/\/www.photoaddiction.fr\/panoramiques\/marquenterre150808\/Template.htm\" target=\"_blank\"><span style=\"color: #ff0000;\">voici un panoramique que j&rsquo;ai r\u00e9alis\u00e9 du point le plus haut.<\/span> <\/a><\/p>\n<p>cliquez sur la miniature pour acc\u00e8der \u00e0 la galerie.<\/p>\n<p>\u00a0<\/p>\n","protected":false},"excerpt":{"rendered":"<p>Nous n&rsquo;avons pas eu que du mauvais temps, pour preuve ce 15 Aout o\u00f9 je suis all\u00e9 faire un tour en baie de&#8230;<\/p>\n","protected":false},"author":1,"featured_media":0,"comment_status":"open","ping_status":"open","sticky":false,"template":"","format":"standard","meta":[],"categories":[91],"tags":[],"_links":{"self":[{"href":"http:\/\/www.photoaddiction.fr\/blog\/wp-json\/wp\/v2\/posts\/76"}],"collection":[{"href":"http:\/\/www.photoaddiction.fr\/blog\/wp-json\/wp\/v2\/posts"}],"about":[{"href":"http:\/\/www.photoaddiction.fr\/blog\/wp-json\/wp\/v2\/types\/post"}],"author":[{"embeddable":true,"href":"http:\/\/www.photoaddiction.fr\/blog\/wp-json\/wp\/v2\/users\/1"}],"replies":[{"embeddable":true,"href":"http:\/\/www.photoaddiction.fr\/blog\/wp-json\/wp\/v2\/comments?post=76"}],"version-history":[{"count":0,"href":"http:\/\/www.photoaddiction.fr\/blog\/wp-json\/wp\/v2\/posts\/76\/revisions"}],"wp:attachment":[{"href":"http:\/\/www.photoaddiction.fr\/blog\/wp-json\/wp\/v2\/media?parent=76"}],"wp:term":[{"taxonomy":"category","embeddable":true,"href":"http:\/\/www.photoaddiction.fr\/blog\/wp-json\/wp\/v2\/categories?post=76"},{"taxonomy":"post_tag","embeddable":true,"href":"http:\/\/www.photoaddiction.fr\/blog\/wp-json\/wp\/v2\/tags?post=76"}],"curies":[{"name":"wp","href":"https:\/\/api.w.org\/{rel}","templated":true}]}}