{"id":709,"date":"2014-11-16T21:01:09","date_gmt":"2014-11-16T19:01:09","guid":{"rendered":"http:\/\/www.photoaddiction.fr\/blog\/?p=709"},"modified":"2016-02-14T01:50:08","modified_gmt":"2016-02-13T23:50:08","slug":"709","status":"publish","type":"post","link":"http:\/\/www.photoaddiction.fr\/blog\/709\/","title":{"rendered":"Porto fin septembre"},"content":{"rendered":"<p>Ann\u00e9e qui aura apport\u00e9 quand m\u00eame quelques clich\u00e9s sympas !<br \/>\nJ album est pass\u00e9 en payant!, j&rsquo;aurais volontier pay\u00e9 mais je n&rsquo;aime pas le proc\u00e9d\u00e9, donc je vais me passer d&rsquo;eux.<br \/>\nje n&rsquo;ai pas encore trouv\u00e9 une galerie qui affiche aussi bien les images, je publie sur facebook, mais en comparaison c&rsquo;est merdique, les exifs disparaissent et les tailles des images sont chang\u00e9es. Mais bon, je vais bien finir par trouver quelque chose.<\/p>\n<p>en voici un exemple , cliquez sur la photo pour acceder \u00e0 la galerie.<\/p>\n<figure id=\"attachment_710\" aria-describedby=\"caption-attachment-710\" style=\"width: 700px\" class=\"wp-caption aligncenter\"><a href=\"http:\/\/www.photoaddiction.fr\/www\/porto01102014\/index.html\"><img loading=\"lazy\" class=\"size-full wp-image-710\" title=\"114B9483-Modifier-Modifier-1-2\" src=\"http:\/\/www.photoaddiction.fr\/blog\/wp-content\/uploads\/2014\/11\/114B9483-Modifier-Modifier-1-2.jpg\" alt=\"\" width=\"700\" height=\"467\" \/><\/a><figcaption id=\"caption-attachment-710\" class=\"wp-caption-text\">Port de Porto<\/figcaption><\/figure>\n","protected":false},"excerpt":{"rendered":"<p>Ann\u00e9e qui aura apport\u00e9 quand m\u00eame quelques clich\u00e9s sympas ! J album est pass\u00e9 en payant!, j&rsquo;aurais volontier pay\u00e9 mais je n&rsquo;aime pas&#8230;<\/p>\n","protected":false},"author":1,"featured_media":710,"comment_status":"closed","ping_status":"closed","sticky":false,"template":"","format":"standard","meta":[],"categories":[1],"tags":[],"_links":{"self":[{"href":"http:\/\/www.photoaddiction.fr\/blog\/wp-json\/wp\/v2\/posts\/709"}],"collection":[{"href":"http:\/\/www.photoaddiction.fr\/blog\/wp-json\/wp\/v2\/posts"}],"about":[{"href":"http:\/\/www.photoaddiction.fr\/blog\/wp-json\/wp\/v2\/types\/post"}],"author":[{"embeddable":true,"href":"http:\/\/www.photoaddiction.fr\/blog\/wp-json\/wp\/v2\/users\/1"}],"replies":[{"embeddable":true,"href":"http:\/\/www.photoaddiction.fr\/blog\/wp-json\/wp\/v2\/comments?post=709"}],"version-history":[{"count":6,"href":"http:\/\/www.photoaddiction.fr\/blog\/wp-json\/wp\/v2\/posts\/709\/revisions"}],"predecessor-version":[{"id":873,"href":"http:\/\/www.photoaddiction.fr\/blog\/wp-json\/wp\/v2\/posts\/709\/revisions\/873"}],"wp:featuredmedia":[{"embeddable":true,"href":"http:\/\/www.photoaddiction.fr\/blog\/wp-json\/wp\/v2\/media\/710"}],"wp:attachment":[{"href":"http:\/\/www.photoaddiction.fr\/blog\/wp-json\/wp\/v2\/media?parent=709"}],"wp:term":[{"taxonomy":"category","embeddable":true,"href":"http:\/\/www.photoaddiction.fr\/blog\/wp-json\/wp\/v2\/categories?post=709"},{"taxonomy":"post_tag","embeddable":true,"href":"http:\/\/www.photoaddiction.fr\/blog\/wp-json\/wp\/v2\/tags?post=709"}],"curies":[{"name":"wp","href":"https:\/\/api.w.org\/{rel}","templated":true}]}}