{"id":65,"date":"2008-07-31T18:26:15","date_gmt":"2008-07-31T16:26:15","guid":{"rendered":"http:\/\/www.photoaddiction.fr\/blog\/?p=65"},"modified":"2009-05-22T04:43:34","modified_gmt":"2009-05-22T02:43:34","slug":"30-juillet-2008-jardins-de-valloires-puis-le-musee-de-labeille-puis-les-jardins-devea","status":"publish","type":"post","link":"http:\/\/www.photoaddiction.fr\/blog\/30-juillet-2008-jardins-de-valloires-puis-le-musee-de-labeille-puis-les-jardins-devea\/","title":{"rendered":"30 Juillet 2008 Jardins de valloires puis le mus\u00e9e de l&rsquo;abeille puis les jardins d&rsquo;evea"},"content":{"rendered":"<p><a href=\"http:\/\/www.photoaddiction.fr\/www\/albums\/valloire300708\/index.html\" target=\"_blank\"><img loading=\"lazy\" style=\"BORDER-RIGHT: black 1px solid; BORDER-TOP: black 1px solid; BORDER-LEFT: black 1px solid; BORDER-BOTTOM: black 1px solid\" src=\"http:\/\/www.photoaddiction.fr\/www\/albums\/valloire300708\/thumbs\/IMG_2582.jpg\" alt=\"\" width=\"160\" height=\"106\" \/><\/a>Cliquez Sur l&rsquo;image pour la galerie.<\/p>\n<p>Les jardins de valloires, depuis l&rsquo;ann\u00e9e pass\u00e9e se sont un peu am\u00e9lior\u00e9s. Les jardins d&rsquo;evea un peu le m\u00eame genre. J&rsquo;ouvre quand m\u00eame une parenth\u00e8se, personellement je ne suis pas sp\u00e9cialement attir\u00e9 par les fleurs. Mais je trouve un peu abusif le prix de l&rsquo;entr\u00e9e dans les deux cas. 7\u20ac5 puis 5\u20ac5 les jardins d&rsquo;evea pour quelques fleurs&#8230; 2 ou 3 euros seraient un tarif plus raisonnable pour ce genre de prestations. J&rsquo;en reviens \u00e0 virelles qui vous fait quasiment une visite guid\u00e9e didactique pour moins de 5 euros (il y a moins d&rsquo;anglais qui passent par l\u00e0). \u00e0 l&rsquo;inverse le mus\u00e9e de l&rsquo;abeille ne fait pas payer l&rsquo;entr\u00e9e (faut dire c&rsquo;est petit) mais sugg\u00e8re l&rsquo;achat dans leur magasin de produits locaux ce qui est beaucoup plus juste. parenth\u00e8se ferm\u00e9e.<\/p>\n<p>les jardins de valoires, j&rsquo;y ai trouv\u00e9 moins de bestioles que l&rsquo;ann\u00e9e pass\u00e9e. mais je trouve que ma technique s&rsquo;est quand m\u00eame am\u00e9lior\u00e9e.<\/p>\n<p>Le mus\u00e9e de l&rsquo;abeille pareil, les abeilles ne sont pas photog\u00e9niques pas assez de couleurs vivaces, par contre autour quelques autres l\u00e9pidopt\u00e8res interessants.<\/p>\n<p>les jardins d&rsquo;evea pareil, \u00e0 mons avis ils doivent traiter quelques plantes rares et par voie de cons\u00e9quence moins d&rsquo;insectes.<\/p>\n<p>Une Bonne journ\u00e9e avec un peu de soleil, pourvu que \u00e7a dure.<\/p>\n<p>\u00a0<\/p>\n<p>jos\u00e9<\/p>\n<p>\u00a0<\/p>\n<p>\u00a0<\/p>\n","protected":false},"excerpt":{"rendered":"<p>Cliquez Sur l&rsquo;image pour la galerie. Les jardins de valloires, depuis l&rsquo;ann\u00e9e pass\u00e9e se sont un peu am\u00e9lior\u00e9s. Les jardins d&rsquo;evea un peu&#8230;<\/p>\n","protected":false},"author":1,"featured_media":0,"comment_status":"open","ping_status":"open","sticky":false,"template":"","format":"standard","meta":[],"categories":[93],"tags":[],"_links":{"self":[{"href":"http:\/\/www.photoaddiction.fr\/blog\/wp-json\/wp\/v2\/posts\/65"}],"collection":[{"href":"http:\/\/www.photoaddiction.fr\/blog\/wp-json\/wp\/v2\/posts"}],"about":[{"href":"http:\/\/www.photoaddiction.fr\/blog\/wp-json\/wp\/v2\/types\/post"}],"author":[{"embeddable":true,"href":"http:\/\/www.photoaddiction.fr\/blog\/wp-json\/wp\/v2\/users\/1"}],"replies":[{"embeddable":true,"href":"http:\/\/www.photoaddiction.fr\/blog\/wp-json\/wp\/v2\/comments?post=65"}],"version-history":[{"count":0,"href":"http:\/\/www.photoaddiction.fr\/blog\/wp-json\/wp\/v2\/posts\/65\/revisions"}],"wp:attachment":[{"href":"http:\/\/www.photoaddiction.fr\/blog\/wp-json\/wp\/v2\/media?parent=65"}],"wp:term":[{"taxonomy":"category","embeddable":true,"href":"http:\/\/www.photoaddiction.fr\/blog\/wp-json\/wp\/v2\/categories?post=65"},{"taxonomy":"post_tag","embeddable":true,"href":"http:\/\/www.photoaddiction.fr\/blog\/wp-json\/wp\/v2\/tags?post=65"}],"curies":[{"name":"wp","href":"https:\/\/api.w.org\/{rel}","templated":true}]}}