{"id":64,"date":"2008-07-27T16:58:54","date_gmt":"2008-07-27T14:58:54","guid":{"rendered":"http:\/\/www.photoaddiction.fr\/blog\/?p=64"},"modified":"2008-08-22T11:00:38","modified_gmt":"2008-08-22T09:00:38","slug":"zoo-damiens-27-juillet-2008","status":"publish","type":"post","link":"http:\/\/www.photoaddiction.fr\/blog\/zoo-damiens-27-juillet-2008\/","title":{"rendered":"Zoo d&rsquo;Amiens 27 juillet 2008"},"content":{"rendered":"<p>il faisait beau alors pourquoi pas ?<\/p>\n<p><a href=\"http:\/\/www.photoaddiction.fr\/illustration\/IMG_2383.jpg\" target=\"_blank\"><img loading=\"lazy\" class=\"alignleft\" style=\"float: left; border: black 1px solid;\" src=\"http:\/\/www.photoaddiction.fr\/illustration\/IMG_2383tmb.jpg\" alt=\"\" width=\"150\" height=\"100\" \/><\/a>pr\u00e9 Sac \u00e0 main. Non je blague. Bein ils s&rsquo;agrandissent doucement au Zoo d&rsquo;Amiens. des fauves sont pr\u00e9vus et aussi des giraffes. Toujours aussi frais chez eux grace aux arbres. Pas mal aussi la d\u00e9monstration de phoques. ils devraient agrandir ou faire des gradins c&rsquo;est toujours aussi p\u00e9nible de devoir arriver avec 40 minutes d&rsquo;avance pour avoir une place devant.<\/p>\n<p><a href=\"http:\/\/www.photoaddiction.fr\/www\/albums\/amienshtml\/\" target=\"_blank\">ICI Galerie format HTML<\/a><\/p>\n<p><a href=\"http:\/\/www.photoaddiction.fr\/www\/albums\/amiensflash\/\" target=\"_blank\">ICI galerie format Flash<\/a><\/p>\n<p>\u00a0<\/p>\n<p><a href=\"http:\/\/www.photoaddiction.fr\/illustration\/IMG_1307.JPG\" target=\"_blank\"><img loading=\"lazy\" class=\"alignleft\" style=\"float: left;\" src=\"http:\/\/www.photoaddiction.fr\/illustration\/IMG_1307tmb.JPG\" alt=\"\" width=\"67\" height=\"100\" \/><\/a>Cliquez <a href=\"http:\/\/www.photoaddiction.fr\/www\/autre\/albums\/tataamiens270708\/\" target=\"_blank\"><span style=\"color: #ff0000;\">ICI<\/span><\/a> pour la galerie priv\u00e9e \ud83d\ude42<\/p>\n<p>\u00a0<\/p>\n<p>\u00a0<\/p>\n<p>\u00a0<\/p>\n<p>je suis aussi pench\u00e9 que la photo de la cath\u00e9drale que j&rsquo;ai prise \ud83d\ude42<\/p>\n<p>\u00a0<\/p>\n","protected":false},"excerpt":{"rendered":"<p>il faisait beau alors pourquoi pas ? pr\u00e9 Sac \u00e0 main. Non je blague. Bein ils s&rsquo;agrandissent doucement au Zoo d&rsquo;Amiens. des fauves&#8230;<\/p>\n","protected":false},"author":1,"featured_media":0,"comment_status":"open","ping_status":"open","sticky":false,"template":"","format":"standard","meta":[],"categories":[67,5],"tags":[],"_links":{"self":[{"href":"http:\/\/www.photoaddiction.fr\/blog\/wp-json\/wp\/v2\/posts\/64"}],"collection":[{"href":"http:\/\/www.photoaddiction.fr\/blog\/wp-json\/wp\/v2\/posts"}],"about":[{"href":"http:\/\/www.photoaddiction.fr\/blog\/wp-json\/wp\/v2\/types\/post"}],"author":[{"embeddable":true,"href":"http:\/\/www.photoaddiction.fr\/blog\/wp-json\/wp\/v2\/users\/1"}],"replies":[{"embeddable":true,"href":"http:\/\/www.photoaddiction.fr\/blog\/wp-json\/wp\/v2\/comments?post=64"}],"version-history":[{"count":0,"href":"http:\/\/www.photoaddiction.fr\/blog\/wp-json\/wp\/v2\/posts\/64\/revisions"}],"wp:attachment":[{"href":"http:\/\/www.photoaddiction.fr\/blog\/wp-json\/wp\/v2\/media?parent=64"}],"wp:term":[{"taxonomy":"category","embeddable":true,"href":"http:\/\/www.photoaddiction.fr\/blog\/wp-json\/wp\/v2\/categories?post=64"},{"taxonomy":"post_tag","embeddable":true,"href":"http:\/\/www.photoaddiction.fr\/blog\/wp-json\/wp\/v2\/tags?post=64"}],"curies":[{"name":"wp","href":"https:\/\/api.w.org\/{rel}","templated":true}]}}