{"id":486,"date":"2011-08-28T22:09:51","date_gmt":"2011-08-28T20:09:51","guid":{"rendered":"http:\/\/www.photoaddiction.fr\/blog\/?p=486"},"modified":"2011-08-28T22:09:51","modified_gmt":"2011-08-28T20:09:51","slug":"pairi-daiza-ce-28082011","status":"publish","type":"post","link":"http:\/\/www.photoaddiction.fr\/blog\/pairi-daiza-ce-28082011\/","title":{"rendered":"Pairi Daiza ce 28\/08\/2011"},"content":{"rendered":"<p>Quelques changements et travaux (il n&rsquo;en finissent pas et en plus nous remercient &#8230;)<\/p>\n<p>La zone Australienne est termin\u00e9e, je posterais des photos en son temps, j&rsquo;en ai fait. la zone africaine est encore loin d&rsquo;\u00eatre termin\u00e9e. le parc s&rsquo;agrandi encore et encore.<\/p>\n<p>les serpentaires avaient \u00e9t\u00e9 d\u00e9plac\u00e9s dans les serres pr\u00e8s des vautours moines et les becs en sabot avaient disparut \u00e0 leur place des baraques sur pilotis ont \u00e9t\u00e9 contruites.<\/p>\n<p>les becs en sabot sont donc r\u00e9apparus dans l&rsquo;ancienne serre des serpentaires (j&rsquo;esp\u00e8re que c&rsquo;est bien clair ?) Cependant la serre est bien accessible et permet de voir de plus pr\u00e8s les becs en sabot, j&rsquo;ai m\u00eame pris des photos lors de petits vols &#8230;\u00a0 j&rsquo;ai du \u00eatre patient, ils ne bougent pas beaucoup ces oiseaux l\u00e0 ! le reste des photos quand j&rsquo;aurais un peu plus de temps.<\/p>\n<p><img loading=\"lazy\" class=\"aligncenter\" title=\"becs\" src=\"http:\/\/www.photoaddiction.fr\/illustration3\/IMG_9670.jpg\" alt=\"\" width=\"550\" height=\"367\" \/><\/p>\n","protected":false},"excerpt":{"rendered":"<p>Quelques changements et travaux (il n&rsquo;en finissent pas et en plus nous remercient &#8230;) La zone Australienne est termin\u00e9e, je posterais des photos&#8230;<\/p>\n","protected":false},"author":1,"featured_media":0,"comment_status":"closed","ping_status":"closed","sticky":false,"template":"","format":"standard","meta":[],"categories":[61],"tags":[],"_links":{"self":[{"href":"http:\/\/www.photoaddiction.fr\/blog\/wp-json\/wp\/v2\/posts\/486"}],"collection":[{"href":"http:\/\/www.photoaddiction.fr\/blog\/wp-json\/wp\/v2\/posts"}],"about":[{"href":"http:\/\/www.photoaddiction.fr\/blog\/wp-json\/wp\/v2\/types\/post"}],"author":[{"embeddable":true,"href":"http:\/\/www.photoaddiction.fr\/blog\/wp-json\/wp\/v2\/users\/1"}],"replies":[{"embeddable":true,"href":"http:\/\/www.photoaddiction.fr\/blog\/wp-json\/wp\/v2\/comments?post=486"}],"version-history":[{"count":2,"href":"http:\/\/www.photoaddiction.fr\/blog\/wp-json\/wp\/v2\/posts\/486\/revisions"}],"predecessor-version":[{"id":488,"href":"http:\/\/www.photoaddiction.fr\/blog\/wp-json\/wp\/v2\/posts\/486\/revisions\/488"}],"wp:attachment":[{"href":"http:\/\/www.photoaddiction.fr\/blog\/wp-json\/wp\/v2\/media?parent=486"}],"wp:term":[{"taxonomy":"category","embeddable":true,"href":"http:\/\/www.photoaddiction.fr\/blog\/wp-json\/wp\/v2\/categories?post=486"},{"taxonomy":"post_tag","embeddable":true,"href":"http:\/\/www.photoaddiction.fr\/blog\/wp-json\/wp\/v2\/tags?post=486"}],"curies":[{"name":"wp","href":"https:\/\/api.w.org\/{rel}","templated":true}]}}