{"id":397,"date":"2010-12-31T10:58:58","date_gmt":"2010-12-31T08:58:58","guid":{"rendered":"http:\/\/www.photoaddiction.fr\/blog\/?p=397"},"modified":"2011-01-22T01:18:53","modified_gmt":"2011-01-21T23:18:53","slug":"castro-marim-31-decembre-2010","status":"publish","type":"post","link":"http:\/\/www.photoaddiction.fr\/blog\/castro-marim-31-decembre-2010\/","title":{"rendered":"Castro marim 31 d\u00e9cembre 2010"},"content":{"rendered":"<p style=\"text-align: center;\"><a href=\"http:\/\/www.photoaddiction.fr\/www\/albums\/castromarim311210\/index.html\"><img loading=\"lazy\" class=\"aligncenter\" src=\"http:\/\/www.photoaddiction.fr\/www\/albums\/castromarim311210\/thumbs\/IMG_8900.jpg\" alt=\"\" width=\"180\" height=\"119\" \/><\/a><\/p>\n<p>Castro marim, <!--more-->une zone prot\u00e9g\u00e9e dans les salines de Castro Marim \u00e0 la fronti\u00e8re espagnole. je me suis bien amus\u00e9 \u00e0 parcourir les bords des salines pendants des heures pour approcher les flamands avant de me rendre compte qu&rsquo;une rivi\u00e8re me s\u00e9parait de l&rsquo;endroit&#8230; \u00e0 part \u00e7a que du bonheur, pas de touriste seul.. l&rsquo;id\u00e9al ! des boeuf broutaient sur les cot\u00e9s et l\u00e0 nos amis les h\u00e9rons gardes boeuf m\u00e9ritaient bien leur nom ! des limicoles en pagaille aussi grandes aigrettes etc &#8230; dans la ville (dans une autre galerie) un Moulin bleu et blanc comme ceux de l&rsquo;Alentejo trone \u00e0 cot\u00e9 d&rsquo;une forteresse. bref un bien bel endroit que je revisiterais avec plaisir. bref\u00a0 Cliquez sur la miniature pour acceder \u00e0 la galerie.<\/p>\n<p>jos\u00e9<\/p>\n","protected":false},"excerpt":{"rendered":"<p>Castro marim,<\/p>\n","protected":false},"author":1,"featured_media":0,"comment_status":"open","ping_status":"open","sticky":false,"template":"","format":"standard","meta":[],"categories":[1],"tags":[],"_links":{"self":[{"href":"http:\/\/www.photoaddiction.fr\/blog\/wp-json\/wp\/v2\/posts\/397"}],"collection":[{"href":"http:\/\/www.photoaddiction.fr\/blog\/wp-json\/wp\/v2\/posts"}],"about":[{"href":"http:\/\/www.photoaddiction.fr\/blog\/wp-json\/wp\/v2\/types\/post"}],"author":[{"embeddable":true,"href":"http:\/\/www.photoaddiction.fr\/blog\/wp-json\/wp\/v2\/users\/1"}],"replies":[{"embeddable":true,"href":"http:\/\/www.photoaddiction.fr\/blog\/wp-json\/wp\/v2\/comments?post=397"}],"version-history":[{"count":3,"href":"http:\/\/www.photoaddiction.fr\/blog\/wp-json\/wp\/v2\/posts\/397\/revisions"}],"predecessor-version":[{"id":399,"href":"http:\/\/www.photoaddiction.fr\/blog\/wp-json\/wp\/v2\/posts\/397\/revisions\/399"}],"wp:attachment":[{"href":"http:\/\/www.photoaddiction.fr\/blog\/wp-json\/wp\/v2\/media?parent=397"}],"wp:term":[{"taxonomy":"category","embeddable":true,"href":"http:\/\/www.photoaddiction.fr\/blog\/wp-json\/wp\/v2\/categories?post=397"},{"taxonomy":"post_tag","embeddable":true,"href":"http:\/\/www.photoaddiction.fr\/blog\/wp-json\/wp\/v2\/tags?post=397"}],"curies":[{"name":"wp","href":"https:\/\/api.w.org\/{rel}","templated":true}]}}