{"id":37,"date":"2008-05-25T06:05:44","date_gmt":"2008-05-25T04:05:44","guid":{"rendered":"http:\/\/www.photoaddiction.fr\/blog\/?p=37"},"modified":"2009-02-22T11:22:31","modified_gmt":"2009-02-22T09:22:31","slug":"paradisio-25-mai","status":"publish","type":"post","link":"http:\/\/www.photoaddiction.fr\/blog\/paradisio-25-mai\/","title":{"rendered":"paradisio 25 mai"},"content":{"rendered":"<p><a href=\"http:\/\/www.photoaddiction.fr\/www\/para25et280508\/25%20mai\/index.html\" target=\"_blank\"><img loading=\"lazy\" class=\"alignleft\" style=\"float: left; border: black 3px solid;\" src=\"http:\/\/www.photoaddiction.fr\/www\/para25et280508\/25%20mai\/thumbs\/IMG_3233.JPG\" alt=\"\" width=\"180\" height=\"119\" \/><\/a>Encore paradisio&#8230; je sais il y en a d\u00e9j\u00e0 pas mal, mais bon cette fois \u00e7i il sagissait d&rsquo;une sortie avec des personnes du forum Eos-num\u00e9rique. la rencontre a \u00e9t\u00e9 annul\u00e9e, mais quelques courageux sont venus et finalement la journ\u00e9e s&rsquo;est tr\u00e8s bien pass\u00e9e. Autre chose c&rsquo;etait le premier essais de mon nouvel objectif un sigma 150-500, oui bergelen, thumeries marquenterre etc &#8230; Bon certains disent que les photos manquent de piqu\u00e9, que l&rsquo;AF ne marche pas. On verra \u00e0 l&rsquo;usage en attendant voici une s\u00e9rie sur deux jour (je suis pass\u00e9 pr\u00e8s de mons en semaine je n&rsquo;ai pas pu r\u00e9sister. Les exif qui indiquent 500mm sont forc\u00e9ment pour le nouveau t\u00e9l\u00e9, je n&rsquo;en avait pas avant.<\/p>\n<p>\u00a0<\/p>\n<p><span style=\"color: #ff0000;\">Cliquez sur l&rsquo;image pour voir la galerie<\/span><\/p>\n","protected":false},"excerpt":{"rendered":"<p>Encore paradisio&#8230; je sais il y en a d\u00e9j\u00e0 pas mal, mais bon cette fois \u00e7i il sagissait d&rsquo;une sortie avec des personnes&#8230;<\/p>\n","protected":false},"author":1,"featured_media":0,"comment_status":"open","ping_status":"open","sticky":false,"template":"","format":"standard","meta":[],"categories":[5,61],"tags":[],"_links":{"self":[{"href":"http:\/\/www.photoaddiction.fr\/blog\/wp-json\/wp\/v2\/posts\/37"}],"collection":[{"href":"http:\/\/www.photoaddiction.fr\/blog\/wp-json\/wp\/v2\/posts"}],"about":[{"href":"http:\/\/www.photoaddiction.fr\/blog\/wp-json\/wp\/v2\/types\/post"}],"author":[{"embeddable":true,"href":"http:\/\/www.photoaddiction.fr\/blog\/wp-json\/wp\/v2\/users\/1"}],"replies":[{"embeddable":true,"href":"http:\/\/www.photoaddiction.fr\/blog\/wp-json\/wp\/v2\/comments?post=37"}],"version-history":[{"count":0,"href":"http:\/\/www.photoaddiction.fr\/blog\/wp-json\/wp\/v2\/posts\/37\/revisions"}],"wp:attachment":[{"href":"http:\/\/www.photoaddiction.fr\/blog\/wp-json\/wp\/v2\/media?parent=37"}],"wp:term":[{"taxonomy":"category","embeddable":true,"href":"http:\/\/www.photoaddiction.fr\/blog\/wp-json\/wp\/v2\/categories?post=37"},{"taxonomy":"post_tag","embeddable":true,"href":"http:\/\/www.photoaddiction.fr\/blog\/wp-json\/wp\/v2\/tags?post=37"}],"curies":[{"name":"wp","href":"https:\/\/api.w.org\/{rel}","templated":true}]}}