{"id":24,"date":"2007-09-25T21:17:36","date_gmt":"2007-09-25T19:17:36","guid":{"rendered":"http:\/\/www.photoaddiction.fr\/blog\/?p=24"},"modified":"2009-05-22T04:40:44","modified_gmt":"2009-05-22T02:40:44","slug":"ornithologie-etc-25-09-2007","status":"publish","type":"post","link":"http:\/\/www.photoaddiction.fr\/blog\/ornithologie-etc-25-09-2007\/","title":{"rendered":"ornithologie etc&#8230;   25 09 2007"},"content":{"rendered":"<p class=\"Style1\" align=\"left\"><a href=\"http:\/\/www.photoaddiction.fr\/www\/orni1\/index.html\" target=\"_blank\"><img loading=\"lazy\" class=\"alignleft\" style=\"float: left; border: black 2px solid;\" src=\"http:\/\/www.photoaddiction.fr\/www\/orni1\/thumbs\/IMG_3402.JPG\" alt=\"\" width=\"160\" height=\"106\" \/><\/a>presque tout ornitho, parce qu&rsquo;il n&rsquo;y a pas que des volatiles, par contre sont fait dans Deux parc ornithologiques prot\u00e9g\u00e9s<\/p>\n<p class=\"Style1\" align=\"left\"><a class=\"Style2\" href=\"http:\/\/nature.vie.free.fr\/\"><span style=\"color: #ff0000;\">le site des cinq tailles<\/span><\/a> et <a href=\"http:\/\/www.west-vlaanderen.be\/jahia\/Jahia\/site\/domeinen\/pid\/344\"><span class=\"Style2\"><span style=\"color: #ff0000;\">le site ornithologique \u00e0 deux pas de mon boulot<\/span><\/span> (j&rsquo;ai du bol)<\/a> (oui en neerlandais je bosse en flandre)<\/p>\n<p class=\"Style1\" align=\"left\">je trouve qu&rsquo;il y a moins de fleurs et par la m\u00eame moins d&rsquo;insectes visibles, pas grave si je ne trouve rien d&rsquo;autre je prendrai des photos de ma bagnole <img loading=\"lazy\" src=\"http:\/\/www.photoaddiction.fr\/blog\/wp-admin\/Rolleyes.gif\" alt=\"\" width=\"19\" height=\"19\" \/><\/p>\n<p class=\"Style1\" align=\"left\">dans les deux cas pour les volatiles un vrai t\u00e9l\u00e9objectif au moins 600 voir plus est n\u00e9cessaire pour faire de bonnes photos. donc c&rsquo;est plus r\u00e9serv\u00e9 aux<\/p>\n<p class=\"Style1\" align=\"left\">pros et pas \u00e0 mon petit site sans pr\u00e9tentions. ceci \u00e9tant dit l&rsquo;automne apporte des couleurs sympa.<\/p>\n<p class=\"Style1\" align=\"left\"><span style=\"color: #ff0000;\">cliquez sur l&rsquo;image pour acceder \u00e0 la galerie<\/span><\/p>\n","protected":false},"excerpt":{"rendered":"<p>presque tout ornitho, parce qu&rsquo;il n&rsquo;y a pas que des volatiles, par contre sont fait dans Deux parc ornithologiques prot\u00e9g\u00e9s le site des&#8230;<\/p>\n","protected":false},"author":1,"featured_media":0,"comment_status":"open","ping_status":"open","sticky":false,"template":"","format":"standard","meta":[],"categories":[89],"tags":[],"_links":{"self":[{"href":"http:\/\/www.photoaddiction.fr\/blog\/wp-json\/wp\/v2\/posts\/24"}],"collection":[{"href":"http:\/\/www.photoaddiction.fr\/blog\/wp-json\/wp\/v2\/posts"}],"about":[{"href":"http:\/\/www.photoaddiction.fr\/blog\/wp-json\/wp\/v2\/types\/post"}],"author":[{"embeddable":true,"href":"http:\/\/www.photoaddiction.fr\/blog\/wp-json\/wp\/v2\/users\/1"}],"replies":[{"embeddable":true,"href":"http:\/\/www.photoaddiction.fr\/blog\/wp-json\/wp\/v2\/comments?post=24"}],"version-history":[{"count":0,"href":"http:\/\/www.photoaddiction.fr\/blog\/wp-json\/wp\/v2\/posts\/24\/revisions"}],"wp:attachment":[{"href":"http:\/\/www.photoaddiction.fr\/blog\/wp-json\/wp\/v2\/media?parent=24"}],"wp:term":[{"taxonomy":"category","embeddable":true,"href":"http:\/\/www.photoaddiction.fr\/blog\/wp-json\/wp\/v2\/categories?post=24"},{"taxonomy":"post_tag","embeddable":true,"href":"http:\/\/www.photoaddiction.fr\/blog\/wp-json\/wp\/v2\/tags?post=24"}],"curies":[{"name":"wp","href":"https:\/\/api.w.org\/{rel}","templated":true}]}}