{"id":209,"date":"2010-05-19T21:57:08","date_gmt":"2010-05-19T19:57:08","guid":{"rendered":"http:\/\/www.photoaddiction.fr\/blog\/?p=209"},"modified":"2010-06-02T22:16:02","modified_gmt":"2010-06-02T20:16:02","slug":"bergelen-19-mai-2010-et-17-mai","status":"publish","type":"post","link":"http:\/\/www.photoaddiction.fr\/blog\/bergelen-19-mai-2010-et-17-mai\/","title":{"rendered":"Bergelen 19 mai 2010 (et 17 mai et 02 juin)"},"content":{"rendered":"<p><a href=\"http:\/\/www.photoaddiction.fr\/www\/albums\/bergelen19052010\/\" target=\"_blank\"><img loading=\"lazy\" class=\"alignleft\" src=\"http:\/\/www.photoaddiction.fr\/illustration2\/IMG_1570.jpg\" alt=\"\" width=\"560\" height=\"373\" \/><\/a>Quelques Macros apr\u00e8s le travail. les nymphes et autres larves se transforment en imago enfin ! je n&rsquo;ai pas mon livre de r\u00e9f\u00e9rence sur les insectes donc je corrigerais plus tard les noms. La lumi\u00e8re de l&rsquo;apr\u00e8s midi donne des tons surprenants \u00e0 l&rsquo;occasion ! j&rsquo;ai il me semble en dehors des pierides et autres paon de jour crois\u00e9 un Azur\u00e9 (je pense) donc j&rsquo;ai bien l&rsquo;impression que le retour est proche.<\/p>\n<p>Les gr\u00e8bes festoyaient\u00a0 des cousins qui \u00a0par une attitude \u00e9trange se jetaient sur l&rsquo;eau, m\u00eame des canards profitaient de l&rsquo;aubaine. Vivacit\u00e9 et nervosit\u00e9 pour ces animaux remarquables que sont les gr\u00e8bes. Cliquez sur l&rsquo;image pour atteindre la galerie.<\/p>\n<p>maj 02062010<br \/>\nles azur\u00e9s sont revenus avec les sylvaines.<\/p>\n<p>jos\u00e9<\/p>\n","protected":false},"excerpt":{"rendered":"<p>Quelques Macros apr\u00e8s le travail. les nymphes et autres larves se transforment en imago enfin ! je n&rsquo;ai pas mon livre de r\u00e9f\u00e9rence&#8230;<\/p>\n","protected":false},"author":1,"featured_media":0,"comment_status":"open","ping_status":"open","sticky":false,"template":"","format":"standard","meta":[],"categories":[94],"tags":[],"_links":{"self":[{"href":"http:\/\/www.photoaddiction.fr\/blog\/wp-json\/wp\/v2\/posts\/209"}],"collection":[{"href":"http:\/\/www.photoaddiction.fr\/blog\/wp-json\/wp\/v2\/posts"}],"about":[{"href":"http:\/\/www.photoaddiction.fr\/blog\/wp-json\/wp\/v2\/types\/post"}],"author":[{"embeddable":true,"href":"http:\/\/www.photoaddiction.fr\/blog\/wp-json\/wp\/v2\/users\/1"}],"replies":[{"embeddable":true,"href":"http:\/\/www.photoaddiction.fr\/blog\/wp-json\/wp\/v2\/comments?post=209"}],"version-history":[{"count":5,"href":"http:\/\/www.photoaddiction.fr\/blog\/wp-json\/wp\/v2\/posts\/209\/revisions"}],"predecessor-version":[{"id":212,"href":"http:\/\/www.photoaddiction.fr\/blog\/wp-json\/wp\/v2\/posts\/209\/revisions\/212"}],"wp:attachment":[{"href":"http:\/\/www.photoaddiction.fr\/blog\/wp-json\/wp\/v2\/media?parent=209"}],"wp:term":[{"taxonomy":"category","embeddable":true,"href":"http:\/\/www.photoaddiction.fr\/blog\/wp-json\/wp\/v2\/categories?post=209"},{"taxonomy":"post_tag","embeddable":true,"href":"http:\/\/www.photoaddiction.fr\/blog\/wp-json\/wp\/v2\/tags?post=209"}],"curies":[{"name":"wp","href":"https:\/\/api.w.org\/{rel}","templated":true}]}}