{"id":192,"date":"2009-12-27T22:18:21","date_gmt":"2009-12-27T20:18:21","guid":{"rendered":"http:\/\/www.photoaddiction.fr\/blog\/?p=192"},"modified":"2009-12-28T02:04:36","modified_gmt":"2009-12-28T00:04:36","slug":"fin-2009-quelques-chiffres","status":"publish","type":"post","link":"http:\/\/www.photoaddiction.fr\/blog\/fin-2009-quelques-chiffres\/","title":{"rendered":"Fin 2009, Quelques Chiffres"},"content":{"rendered":"<p>Voici quelques chiffres, un bilan en quelques sorte ! oui j&rsquo;aime bien les bilans \ud83d\ude42<\/p>\n<h2>17103<\/h2>\n<p>oui \u00a0c&rsquo;est le nombre de photos dans les diff\u00e9rentes Galeries du site priv\u00e9e et publique.<\/p>\n<h2>7073<\/h2>\n<p>c&rsquo;est le nombre de photos dans les galeries publiques<\/p>\n<h2>10030<\/h2>\n<p>le nombre de photos dans les galeries priv\u00e9es<\/p>\n<h2>153<\/h2>\n<p>le nombre de galeries publiques<\/p>\n<h2>200<\/h2>\n<p>c&rsquo;est le nombre de panoramiques (au moins)<\/p>\n<h2>11400<\/h2>\n<p>c&rsquo;est le nombre de visites [ uniquement la page principale, les entr\u00e9es priv\u00e9es et directes dans les galeries ne sont pas comptabilis\u00e9es ]<\/p>\n<h2> <\/h2>\n<p>Les galeries se sont standardis\u00e9es \u00e0 la longue, plus de panoramiques et sur les derni\u00e8res les photos sont aussi pr\u00e9sentes en haute d\u00e9finition.<\/p>\n<h2> <\/h2>\n<p>le mat\u00e9riel photo s&rsquo;est am\u00e9lior\u00e9 avec l&rsquo;achat d&rsquo;un 5D MKII puis un passage progressif en s\u00e9rie L canon la prestigieuse s\u00e9rie professionelle 17-40 F4, 70-200 mm F2,8 et 300 mm F2,8 le suivant sera certainement le nouveau 100 mm macro stabilis\u00e9 L pour remplacer l&rsquo;ancien qui m&rsquo;a bien servi.<\/p>\n<h2> <\/h2>\n<p>22 f\u00e9vrier est la cr\u00e9ation de l&rsquo;archive, bien pratique pour trouver les ancien posts.<\/p>\n<h2> <\/h2>\n<p>Les parc animaliers du nord, de belgique (hormis anvers) r\u00e9gion parisienne, calvados, manche et m\u00eame bretagne ont \u00e9t\u00e9 parcourus. si je vis assez longtemps je ne vois pas de raison de ne pas continuer, me promener avec un sac \u00e0 dos assez lourd me fait du bien. je pense aussi avoir fait ceux les plus importants du portugal ou je retournerai sans doute d\u00e8s que possible. il y a un site prot\u00e9g\u00e9 dans le sud de l&rsquo; espagne \u00e0 200 km de faro, un endroit ou se reposent les oiseaux pr\u00eat \u00e0 passer en afrique par le detroit de gibraltar et au retour aussi que je compte visiter et Bien sur aussi en bretagne en avril les Macareux moines (en libert\u00e9 pas comme ceux de l&rsquo;aquarium de lisbonne). J&rsquo;esp\u00e8re aussi tomber sur de nouveaux insectes qui m&rsquo;\u00e9tonnerons et aussi sur des mantes religieuse et autres ascalaphes que j&rsquo;ai rat\u00e9 cette ann\u00e9e. <\/p>\n<h2> <\/h2>\n<p>mes centres d&rsquo;int\u00earet ont \u00e9volu\u00e9 au fur et \u00e0 mesure , je cherche des endroits non gard\u00e9s pour avoir les animaux en libert\u00e9. je cherche aussi \u00e0 appr\u00e9hender la meilleur facon de prendre un paysage en photo les compositions sont tellement diff\u00e9rentes. <\/p>\n<h2> <\/h2>\n<p>Voil\u00e0 plein de projets, \u00e0 pr\u00e8s de 50 ans tant mieux.<\/p>\n<h2> <\/h2>\n<p>Jos\u00e9<\/p>\n<p>\u00a0<\/p>\n","protected":false},"excerpt":{"rendered":"<p>Voici quelques chiffres, un bilan en quelques sorte ! oui j&rsquo;aime bien les bilans \ud83d\ude42 17103 oui \u00a0c&rsquo;est le nombre de photos dans&#8230;<\/p>\n","protected":false},"author":1,"featured_media":0,"comment_status":"open","ping_status":"open","sticky":false,"template":"","format":"standard","meta":[],"categories":[3],"tags":[],"_links":{"self":[{"href":"http:\/\/www.photoaddiction.fr\/blog\/wp-json\/wp\/v2\/posts\/192"}],"collection":[{"href":"http:\/\/www.photoaddiction.fr\/blog\/wp-json\/wp\/v2\/posts"}],"about":[{"href":"http:\/\/www.photoaddiction.fr\/blog\/wp-json\/wp\/v2\/types\/post"}],"author":[{"embeddable":true,"href":"http:\/\/www.photoaddiction.fr\/blog\/wp-json\/wp\/v2\/users\/1"}],"replies":[{"embeddable":true,"href":"http:\/\/www.photoaddiction.fr\/blog\/wp-json\/wp\/v2\/comments?post=192"}],"version-history":[{"count":0,"href":"http:\/\/www.photoaddiction.fr\/blog\/wp-json\/wp\/v2\/posts\/192\/revisions"}],"wp:attachment":[{"href":"http:\/\/www.photoaddiction.fr\/blog\/wp-json\/wp\/v2\/media?parent=192"}],"wp:term":[{"taxonomy":"category","embeddable":true,"href":"http:\/\/www.photoaddiction.fr\/blog\/wp-json\/wp\/v2\/categories?post=192"},{"taxonomy":"post_tag","embeddable":true,"href":"http:\/\/www.photoaddiction.fr\/blog\/wp-json\/wp\/v2\/tags?post=192"}],"curies":[{"name":"wp","href":"https:\/\/api.w.org\/{rel}","templated":true}]}}