{"id":187,"date":"2009-11-12T20:50:56","date_gmt":"2009-11-12T18:50:56","guid":{"rendered":"http:\/\/www.photoaddiction.fr\/blog\/?p=187"},"modified":"2009-11-19T22:54:43","modified_gmt":"2009-11-19T20:54:43","slug":"braga-povoa-de-varzim-121109","status":"publish","type":"post","link":"http:\/\/www.photoaddiction.fr\/blog\/braga-povoa-de-varzim-121109\/","title":{"rendered":"Braga &#038; Povoa de Varzim 121109"},"content":{"rendered":"<p><a href=\"http:\/\/www.photoaddiction.fr\/www\/albums\/braga121109\/index.html\" target=\"_blank\"><img loading=\"lazy\" class=\"alignleft\" style=\"float: left; border: black 2px solid;\" src=\"http:\/\/www.photoaddiction.fr\/illustration2\/IMG_7552tmb.jpg\" alt=\"\" width=\"540\" height=\"360\" \/><\/a>La journ\u00e9e avait mal commenc\u00e9, un temps pluvieux et froid. les nuages sont rest\u00e9s l&rsquo;apr\u00e8s midi et il a cess\u00e9 de pleuvoir ce qui a permis ces petites ballades \u00e0 la recherche d&rsquo;un phare sur la cote. Bon on a trouv\u00e9 que des minis phares et pas vu le soleil se coucher, il y a des jours comme \u00e7a. le reste va dans la galerie priv\u00e9e, on s&rsquo;est beaucoup pris en photo \ud83d\ude42<\/p>\n<p>\u00a0<\/p>\n<p>jos\u00e9<\/p>\n<p>Cliquez quand m\u00eame sur l&rsquo;image pour acceder \u00e0 la galerie.<\/p>\n","protected":false},"excerpt":{"rendered":"<p>La journ\u00e9e avait mal commenc\u00e9, un temps pluvieux et froid. les nuages sont rest\u00e9s l&rsquo;apr\u00e8s midi et il a cess\u00e9 de pleuvoir ce&#8230;<\/p>\n","protected":false},"author":1,"featured_media":0,"comment_status":"open","ping_status":"open","sticky":false,"template":"","format":"standard","meta":[],"categories":[1],"tags":[],"_links":{"self":[{"href":"http:\/\/www.photoaddiction.fr\/blog\/wp-json\/wp\/v2\/posts\/187"}],"collection":[{"href":"http:\/\/www.photoaddiction.fr\/blog\/wp-json\/wp\/v2\/posts"}],"about":[{"href":"http:\/\/www.photoaddiction.fr\/blog\/wp-json\/wp\/v2\/types\/post"}],"author":[{"embeddable":true,"href":"http:\/\/www.photoaddiction.fr\/blog\/wp-json\/wp\/v2\/users\/1"}],"replies":[{"embeddable":true,"href":"http:\/\/www.photoaddiction.fr\/blog\/wp-json\/wp\/v2\/comments?post=187"}],"version-history":[{"count":0,"href":"http:\/\/www.photoaddiction.fr\/blog\/wp-json\/wp\/v2\/posts\/187\/revisions"}],"wp:attachment":[{"href":"http:\/\/www.photoaddiction.fr\/blog\/wp-json\/wp\/v2\/media?parent=187"}],"wp:term":[{"taxonomy":"category","embeddable":true,"href":"http:\/\/www.photoaddiction.fr\/blog\/wp-json\/wp\/v2\/categories?post=187"},{"taxonomy":"post_tag","embeddable":true,"href":"http:\/\/www.photoaddiction.fr\/blog\/wp-json\/wp\/v2\/tags?post=187"}],"curies":[{"name":"wp","href":"https:\/\/api.w.org\/{rel}","templated":true}]}}