{"id":177,"date":"2009-09-27T21:26:16","date_gmt":"2009-09-27T19:26:16","guid":{"rendered":"http:\/\/www.photoaddiction.fr\/blog\/?p=177"},"modified":"2009-10-18T22:38:06","modified_gmt":"2009-10-18T20:38:06","slug":"peronne-en-melantois-27-09-09","status":"publish","type":"post","link":"http:\/\/www.photoaddiction.fr\/blog\/peronne-en-melantois-27-09-09\/","title":{"rendered":"P\u00e9ronne en m\u00e9lantois 27 09 09"},"content":{"rendered":"<p>Ok c&rsquo;est super calme ces temps ci,<\/p>\n<p>disons, une d\u00e9pression refoul\u00e9e, une voiture qui fait des siennes en ce moment, moins de cong\u00e9s forc\u00e9s pour cause de travail sans compter une attaque virale \u00e0 la con.<\/p>\n<p>Tout ca pour dire que j&rsquo;aurais pu faire autre chose que de rester \u00e0 la maison ces derniers temps; d&rsquo;un autre cot\u00e9 ca donne plus de Valeur \u00e0 ces quelques photos avant automne. Une chose est sure ca grouille moins et les derniers papillons sont la derni\u00e8re s\u00e9rie de l&rsquo;ann\u00e9e \u00e0 l&rsquo;image de l&rsquo;azur\u00e9 pr\u00e9sent dans les photos.<br \/>\nquelques h\u00e9rons cendr\u00e9s bien visibles car le marais est tr\u00e8s bas. j&rsquo;ai m\u00eame vu une grande aigrette, un peu trop loin toutefois. Etrangement il y avait pas mal de papillons que j&rsquo;ai eu un mal de chien \u00e0 voir en \u00e9t\u00e9 ? l&rsquo;\u00e9t\u00e9 se d\u00e9placerait-il vers septembre octobre ? forme interrogative tr\u00e8s peu utilis\u00e9e au dire de certains. bref quelques photos.<\/p>\n<h2><a href=\"http:\/\/www.photoaddiction.fr\/www\/albums\/peronneenmelantois270909\/index.html\" target=\"_blank\">Lien vers la galerie normale<\/a><\/h2>\n<p>\u00a0<a href=\"http:\/\/www.photoaddiction.fr\/www\/albums\/peronneenmelantois270909\/index.html\" target=\"_blank\"><img loading=\"lazy\" class=\"alignleft\" style=\"float: left;\" src=\"http:\/\/www.photoaddiction.fr\/illustration2\/IMG_2476.jpg\" alt=\"\" width=\"530\" height=\"353\" \/><\/a><\/p>\n<p>\u00a0<\/p>\n<p>un petit tour ce dimanche 04 octobre luminosit\u00e9 faible. la seule photo pas trop mauvaise d&rsquo;un chevalier guignette (merci larousse nature)<\/p>\n<p>Jos\u00e9<\/p>\n","protected":false},"excerpt":{"rendered":"<p>Ok c&rsquo;est super calme ces temps ci, disons, une d\u00e9pression refoul\u00e9e, une voiture qui fait des siennes en ce moment, moins de cong\u00e9s&#8230;<\/p>\n","protected":false},"author":1,"featured_media":0,"comment_status":"open","ping_status":"open","sticky":false,"template":"","format":"standard","meta":[],"categories":[88,1],"tags":[],"_links":{"self":[{"href":"http:\/\/www.photoaddiction.fr\/blog\/wp-json\/wp\/v2\/posts\/177"}],"collection":[{"href":"http:\/\/www.photoaddiction.fr\/blog\/wp-json\/wp\/v2\/posts"}],"about":[{"href":"http:\/\/www.photoaddiction.fr\/blog\/wp-json\/wp\/v2\/types\/post"}],"author":[{"embeddable":true,"href":"http:\/\/www.photoaddiction.fr\/blog\/wp-json\/wp\/v2\/users\/1"}],"replies":[{"embeddable":true,"href":"http:\/\/www.photoaddiction.fr\/blog\/wp-json\/wp\/v2\/comments?post=177"}],"version-history":[{"count":0,"href":"http:\/\/www.photoaddiction.fr\/blog\/wp-json\/wp\/v2\/posts\/177\/revisions"}],"wp:attachment":[{"href":"http:\/\/www.photoaddiction.fr\/blog\/wp-json\/wp\/v2\/media?parent=177"}],"wp:term":[{"taxonomy":"category","embeddable":true,"href":"http:\/\/www.photoaddiction.fr\/blog\/wp-json\/wp\/v2\/categories?post=177"},{"taxonomy":"post_tag","embeddable":true,"href":"http:\/\/www.photoaddiction.fr\/blog\/wp-json\/wp\/v2\/tags?post=177"}],"curies":[{"name":"wp","href":"https:\/\/api.w.org\/{rel}","templated":true}]}}