{"id":172,"date":"2009-08-18T12:07:28","date_gmt":"2009-08-18T10:07:28","guid":{"rendered":"http:\/\/www.photoaddiction.fr\/blog\/?p=172"},"modified":"2009-09-04T23:10:17","modified_gmt":"2009-09-04T21:10:17","slug":"les-7-iles-180809","status":"publish","type":"post","link":"http:\/\/www.photoaddiction.fr\/blog\/les-7-iles-180809\/","title":{"rendered":"Les 7 iles 18 aout 2009"},"content":{"rendered":"<p><a href=\"http:\/\/www.photoaddiction.fr\/www\/albums\/7iles180809\/\" target=\"_blank\"><img loading=\"lazy\" class=\"alignleft\" style=\"float: left; border: black 2px solid;\" src=\"http:\/\/www.photoaddiction.fr\/www\/albums\/7iles180809\/thumbs\/IMG_6392-Modifier.jpg\" alt=\"\" width=\"180\" height=\"119\" \/><\/a>ha! Perrros Guirec, pour \u00eatre honn\u00eate, si j&rsquo;ai choisi la bretagne cette ann\u00e9e, c&rsquo;est pour approcher les macareux moines. j&rsquo;ai vu des images de ces oiseaux et je les trouve photog\u00e9niques. d&rsquo;autre part continuer la visite des parcs animaliers.<\/p>\n<p>Ce 18 au matin, j&rsquo;ai pris la navette pour les 7 iles. l&rsquo;une des premi\u00e8res annonce que j&rsquo;entend dans le haut parleur est \u00a0\u00bb nous ne verrons pas les macareux moines car il ne sont la que de mars \u00e0 mi juillet &#8230; Voil\u00e0 comment on gache une journ\u00e9e en une phrase. \u00e7a me fait un peu chier, car je voulais y aller hors saison et dans cette p\u00e9riode et la vie a fait que ce n&rsquo;a pas \u00e9t\u00e9 possible.Toutefois, la ballade a \u00e9t\u00e9 agr\u00e9able, je n&rsquo;ai pas pu d\u00e9barquer sur une ile, mais bon deux phoques prenant un bain de soleil. des Fous de bassant qui ont \u00e9t\u00e9 un bon entrainement pour les couleurs des macareux moines l&rsquo;ann\u00e9e prochaine \ud83d\ude42<\/p>\n<p>j&rsquo;ai mis les panoramiques, les photos sont toujours visibles en 3 tailles, miniature; 800*600; et 1500 pour les photos seules et 800 de hauteur pour les panoramiques.<\/p>\n<p>Cliquez sur la miniature pour afficher la galerie.<\/p>\n","protected":false},"excerpt":{"rendered":"<p>ha! Perrros Guirec, pour \u00eatre honn\u00eate, si j&rsquo;ai choisi la bretagne cette ann\u00e9e, c&rsquo;est pour approcher les macareux moines. j&rsquo;ai vu des images&#8230;<\/p>\n","protected":false},"author":1,"featured_media":0,"comment_status":"open","ping_status":"open","sticky":false,"template":"","format":"standard","meta":[],"categories":[1],"tags":[],"_links":{"self":[{"href":"http:\/\/www.photoaddiction.fr\/blog\/wp-json\/wp\/v2\/posts\/172"}],"collection":[{"href":"http:\/\/www.photoaddiction.fr\/blog\/wp-json\/wp\/v2\/posts"}],"about":[{"href":"http:\/\/www.photoaddiction.fr\/blog\/wp-json\/wp\/v2\/types\/post"}],"author":[{"embeddable":true,"href":"http:\/\/www.photoaddiction.fr\/blog\/wp-json\/wp\/v2\/users\/1"}],"replies":[{"embeddable":true,"href":"http:\/\/www.photoaddiction.fr\/blog\/wp-json\/wp\/v2\/comments?post=172"}],"version-history":[{"count":0,"href":"http:\/\/www.photoaddiction.fr\/blog\/wp-json\/wp\/v2\/posts\/172\/revisions"}],"wp:attachment":[{"href":"http:\/\/www.photoaddiction.fr\/blog\/wp-json\/wp\/v2\/media?parent=172"}],"wp:term":[{"taxonomy":"category","embeddable":true,"href":"http:\/\/www.photoaddiction.fr\/blog\/wp-json\/wp\/v2\/categories?post=172"},{"taxonomy":"post_tag","embeddable":true,"href":"http:\/\/www.photoaddiction.fr\/blog\/wp-json\/wp\/v2\/tags?post=172"}],"curies":[{"name":"wp","href":"https:\/\/api.w.org\/{rel}","templated":true}]}}