{"id":161,"date":"2009-08-04T04:08:42","date_gmt":"2009-08-04T02:08:42","guid":{"rendered":"http:\/\/www.photoaddiction.fr\/blog\/?p=161"},"modified":"2009-08-06T04:45:20","modified_gmt":"2009-08-06T02:45:20","slug":"161","status":"publish","type":"post","link":"http:\/\/www.photoaddiction.fr\/blog\/161\/","title":{"rendered":"LE monde Sauvage 04 Aout 2009"},"content":{"rendered":"<p><a href=\"http:\/\/www.photoaddiction.fr\/www\/albums\/LMS040809\/index.html\" target=\"_blank\"><img loading=\"lazy\" class=\"alignleft\" style=\"float: left; border: black 1px solid;\" src=\"http:\/\/www.photoaddiction.fr\/www\/albums\/LMS040809\/jose\/thumbs\/IMG_1017.jpg\" alt=\"\" width=\"180\" height=\"120\" \/><\/a><\/p>\n<p>Jos\u00e9 petit village perdu \u00e0 cot\u00e9 de Vervier en belgique l\u00e0 plus pr\u00e9cis\u00e9ment.<br \/>\n<iframe loading=\"lazy\" width=\"520\" height=\"350\" frameborder=\"0\" scrolling=\"no\" marginheight=\"0\" marginwidth=\"0\" src=\"http:\/\/maps.google.com\/maps?f=q&amp;source=s_q&amp;hl=fr&amp;geocode=&amp;q=jose,belgique&amp;sll=37.0625,-95.677068&amp;sspn=61.928102,134.912109&amp;ie=UTF8&amp;ll=50.643147,5.779839&amp;spn=0.098659,0.2635&amp;z=13&amp;output=embed\"><\/iframe><br \/><small><a href=\"http:\/\/maps.google.com\/maps?f=q&amp;source=embed&amp;hl=fr&amp;geocode=&amp;q=jose,belgique&amp;sll=37.0625,-95.677068&amp;sspn=61.928102,134.912109&amp;ie=UTF8&amp;ll=50.643147,5.779839&amp;spn=0.098659,0.2635&amp;z=13\" style=\"color:#0000FF;text-align:left\">Agrandir le plan<\/a><\/small><br \/>\nBon l&rsquo;int\u00e9r\u00eat n&rsquo;est pas \u00e9vident, c&rsquo;est juste un petit gag vu que j&rsquo;avais le temps de visiter un peu les alentours.<\/p>\n<p>Le monde sauvage, le seul changement visible depuis ma derni\u00e8re visite est une voli\u00e8re \u00e0 chouettes et hiboux que je n&rsquo;ai pas vu. Depuis que j&rsquo;y vais je n&rsquo;ai pas vraiment de remarques \u00e0 faire sauf que quand m\u00eame:<br \/>\nils ont la place Amplement suffisante pour faire des grans enclos pour les f\u00e9lins<br \/>\nils pourrraient mettre des toilettes en DUR dans le parc, les petits trucs de location \u00e9taient dans un \u00e9tat d\u00e9plorable !<br \/>\nles panneaux d&rsquo;affichage n&rsquo;y sont pas toujours.<\/p>\n<p>\u00a0<\/p>\n<p>enfin voil\u00e0 un joli parc mais qui pourrait encore s&rsquo;am\u00e9liorer, pour le publique et les visiteurs.<br \/>\nn&rsquo;oubliez pas de cliquer sur la miniature pour acceder \u00e0 la galerie.<br \/>\njos\u00e9<\/p>\n<p>\u00a0<\/p>\n","protected":false},"excerpt":{"rendered":"<p>Jos\u00e9 petit village perdu \u00e0 cot\u00e9 de Vervier en belgique l\u00e0 plus pr\u00e9cis\u00e9ment. Agrandir le plan Bon l&rsquo;int\u00e9r\u00eat n&rsquo;est pas \u00e9vident, c&rsquo;est juste&#8230;<\/p>\n","protected":false},"author":1,"featured_media":0,"comment_status":"open","ping_status":"open","sticky":false,"template":"","format":"standard","meta":[],"categories":[72],"tags":[],"_links":{"self":[{"href":"http:\/\/www.photoaddiction.fr\/blog\/wp-json\/wp\/v2\/posts\/161"}],"collection":[{"href":"http:\/\/www.photoaddiction.fr\/blog\/wp-json\/wp\/v2\/posts"}],"about":[{"href":"http:\/\/www.photoaddiction.fr\/blog\/wp-json\/wp\/v2\/types\/post"}],"author":[{"embeddable":true,"href":"http:\/\/www.photoaddiction.fr\/blog\/wp-json\/wp\/v2\/users\/1"}],"replies":[{"embeddable":true,"href":"http:\/\/www.photoaddiction.fr\/blog\/wp-json\/wp\/v2\/comments?post=161"}],"version-history":[{"count":0,"href":"http:\/\/www.photoaddiction.fr\/blog\/wp-json\/wp\/v2\/posts\/161\/revisions"}],"wp:attachment":[{"href":"http:\/\/www.photoaddiction.fr\/blog\/wp-json\/wp\/v2\/media?parent=161"}],"wp:term":[{"taxonomy":"category","embeddable":true,"href":"http:\/\/www.photoaddiction.fr\/blog\/wp-json\/wp\/v2\/categories?post=161"},{"taxonomy":"post_tag","embeddable":true,"href":"http:\/\/www.photoaddiction.fr\/blog\/wp-json\/wp\/v2\/tags?post=161"}],"curies":[{"name":"wp","href":"https:\/\/api.w.org\/{rel}","templated":true}]}}