{"id":155,"date":"2009-06-23T16:46:15","date_gmt":"2009-06-23T14:46:15","guid":{"rendered":"http:\/\/www.photoaddiction.fr\/blog\/?p=155"},"modified":"2009-06-24T16:47:51","modified_gmt":"2009-06-24T14:47:51","slug":"22-juin-2009-bergelen-oui-encore","status":"publish","type":"post","link":"http:\/\/www.photoaddiction.fr\/blog\/22-juin-2009-bergelen-oui-encore\/","title":{"rendered":"22 Juin 2009 Bergelen (oui encore)"},"content":{"rendered":"<p><a href=\"http:\/\/www.photoaddiction.fr\/www\/albums\/bergelen220609\/\" target=\"_blank\"><img loading=\"lazy\" class=\"alignleft\" style=\"float: left; border: black 2px solid;\" src=\"http:\/\/www.photoaddiction.fr\/www\/albums\/bergelen220609\/thumbs\/IMG_6899.jpg\" alt=\"\" width=\"120\" height=\"180\" \/><\/a>Ce 22 juin etait un jour travaill\u00e9, j&rsquo;ai donc profit\u00e9 pour aller faire un tour \u00e0 ma prairie pr\u00e9f\u00e9r\u00e9e proche du travail. je ne vous raconte pas ma surprise quand arriv\u00e9 sur place j&rsquo;ai vu la prairie ras\u00e9e (\u00e0 part un petit carr\u00e9 de 2 m\u00e8tres sur 3). il restait un azur\u00e9 sur ce petit carr\u00e9 qui a \u00e9t\u00e9 tr\u00e8s calme, comme il n&rsquo;y avait pas grand chose d&rsquo;autre j&rsquo;ai un peu explor\u00e9 les alentours et l\u00e0 j&rsquo;ai trouv\u00e9 quelques b\u00eabetes que je n&rsquo;avais jamais pris! par exemple la larve de coccinelle (voir sa nymphose). une sylvaine, joli papillon orange. et un joli cuivr\u00e9 sur la seule marguerite du champ :)Bref n&rsquo;oubliez pas de cliquer sur la miniature pour acceder \u00e0 la galerie.<br \/>\njos\u00e9<\/p>\n","protected":false},"excerpt":{"rendered":"<p>Ce 22 juin etait un jour travaill\u00e9, j&rsquo;ai donc profit\u00e9 pour aller faire un tour \u00e0 ma prairie pr\u00e9f\u00e9r\u00e9e proche du travail. je&#8230;<\/p>\n","protected":false},"author":1,"featured_media":0,"comment_status":"open","ping_status":"open","sticky":false,"template":"","format":"standard","meta":[],"categories":[94],"tags":[],"_links":{"self":[{"href":"http:\/\/www.photoaddiction.fr\/blog\/wp-json\/wp\/v2\/posts\/155"}],"collection":[{"href":"http:\/\/www.photoaddiction.fr\/blog\/wp-json\/wp\/v2\/posts"}],"about":[{"href":"http:\/\/www.photoaddiction.fr\/blog\/wp-json\/wp\/v2\/types\/post"}],"author":[{"embeddable":true,"href":"http:\/\/www.photoaddiction.fr\/blog\/wp-json\/wp\/v2\/users\/1"}],"replies":[{"embeddable":true,"href":"http:\/\/www.photoaddiction.fr\/blog\/wp-json\/wp\/v2\/comments?post=155"}],"version-history":[{"count":0,"href":"http:\/\/www.photoaddiction.fr\/blog\/wp-json\/wp\/v2\/posts\/155\/revisions"}],"wp:attachment":[{"href":"http:\/\/www.photoaddiction.fr\/blog\/wp-json\/wp\/v2\/media?parent=155"}],"wp:term":[{"taxonomy":"category","embeddable":true,"href":"http:\/\/www.photoaddiction.fr\/blog\/wp-json\/wp\/v2\/categories?post=155"},{"taxonomy":"post_tag","embeddable":true,"href":"http:\/\/www.photoaddiction.fr\/blog\/wp-json\/wp\/v2\/tags?post=155"}],"curies":[{"name":"wp","href":"https:\/\/api.w.org\/{rel}","templated":true}]}}