{"id":145,"date":"2009-05-20T23:00:15","date_gmt":"2009-05-20T21:00:15","guid":{"rendered":"http:\/\/www.photoaddiction.fr\/blog\/?p=145"},"modified":"2009-05-23T23:01:46","modified_gmt":"2009-05-23T21:01:46","slug":"bergelen-200509","status":"publish","type":"post","link":"http:\/\/www.photoaddiction.fr\/blog\/bergelen-200509\/","title":{"rendered":"Bergelen 200509"},"content":{"rendered":"<p><a href=\"http:\/\/www.photoaddiction.fr\/www\/albums\/bergelen200509\/\" target=\"_blank\"><img loading=\"lazy\" class=\"alignleft\" style=\"float: left; border: black 2px solid;\" src=\"http:\/\/www.photoaddiction.fr\/www\/albums\/bergelen200509\/thumbs\/IMG_9177.jpg\" alt=\"\" width=\"180\" height=\"120\" \/><\/a><\/p>\n<p>Vu qu&rsquo;on m&rsquo;a appel\u00e9 pour travailler un peu, j&rsquo;en ai profit\u00e9 pour faire un tour \u00e0 ce petit site ornithologique \u00e0 Moorsele \u00e0\u00a0deux pas de mon travail. Je savais qu&rsquo;on y trouvait des fulicules morillons, des colverts, poules d&rsquo;eau et autres gr\u00e8bes hupp\u00e9es. Ces derniers temps je n&rsquo;y vois plus grand chose. peut \u00eatre que les travaux ont fait temporairement fuir les volatiles. le parc s&rsquo;est agrandi mais il n&rsquo;y a pas de barri\u00e8res visuelles isolant les volatiles, probablement parceque des pecheurs viennent \u00e0 l&rsquo;occasion. En tout cas j&rsquo;ai bien fait d&rsquo;y passer j&rsquo;ai pu trouver un papillon de nuit assez sympa pour se laisser prendre de pr\u00e8s. Pas d&rsquo;antennes ni de trompe et une sorte de casque sur la t\u00eate.<\/p>\n<p>Cliquez sur la miniaturepour acceder \u00e0 la miniature<\/p>\n<p>\u00a0<\/p>\n<p>jos\u00e9<\/p>\n","protected":false},"excerpt":{"rendered":"<p>Vu qu&rsquo;on m&rsquo;a appel\u00e9 pour travailler un peu, j&rsquo;en ai profit\u00e9 pour faire un tour \u00e0 ce petit site ornithologique \u00e0 Moorsele \u00e0\u00a0deux&#8230;<\/p>\n","protected":false},"author":1,"featured_media":0,"comment_status":"open","ping_status":"open","sticky":false,"template":"","format":"standard","meta":[],"categories":[94],"tags":[],"_links":{"self":[{"href":"http:\/\/www.photoaddiction.fr\/blog\/wp-json\/wp\/v2\/posts\/145"}],"collection":[{"href":"http:\/\/www.photoaddiction.fr\/blog\/wp-json\/wp\/v2\/posts"}],"about":[{"href":"http:\/\/www.photoaddiction.fr\/blog\/wp-json\/wp\/v2\/types\/post"}],"author":[{"embeddable":true,"href":"http:\/\/www.photoaddiction.fr\/blog\/wp-json\/wp\/v2\/users\/1"}],"replies":[{"embeddable":true,"href":"http:\/\/www.photoaddiction.fr\/blog\/wp-json\/wp\/v2\/comments?post=145"}],"version-history":[{"count":0,"href":"http:\/\/www.photoaddiction.fr\/blog\/wp-json\/wp\/v2\/posts\/145\/revisions"}],"wp:attachment":[{"href":"http:\/\/www.photoaddiction.fr\/blog\/wp-json\/wp\/v2\/media?parent=145"}],"wp:term":[{"taxonomy":"category","embeddable":true,"href":"http:\/\/www.photoaddiction.fr\/blog\/wp-json\/wp\/v2\/categories?post=145"},{"taxonomy":"post_tag","embeddable":true,"href":"http:\/\/www.photoaddiction.fr\/blog\/wp-json\/wp\/v2\/tags?post=145"}],"curies":[{"name":"wp","href":"https:\/\/api.w.org\/{rel}","templated":true}]}}