{"id":144,"date":"2009-05-22T21:48:18","date_gmt":"2009-05-22T19:48:18","guid":{"rendered":"http:\/\/www.photoaddiction.fr\/blog\/?p=144"},"modified":"2009-05-23T23:02:56","modified_gmt":"2009-05-23T21:02:56","slug":"jardins-de-valloires-22-mai-2009","status":"publish","type":"post","link":"http:\/\/www.photoaddiction.fr\/blog\/jardins-de-valloires-22-mai-2009\/","title":{"rendered":"Jardins de valloires 22 Mai 2009"},"content":{"rendered":"<p><a href=\"http:\/\/www.photoaddiction.fr\/www\/albums\/valloire220509\/tatie\/index.html\" target=\"_blank\"><img loading=\"lazy\" class=\"alignleft\" style=\"float: left; border: black 1px solid;\" src=\"http:\/\/www.photoaddiction.fr\/www\/albums\/valloire220509\/tatie\/thumbs\/IMG_9586.jpg\" alt=\"\" width=\"180\" height=\"119\" \/><\/a>Une visite par une journ\u00e9e ensoleill\u00e9e au jardins de valloire plus une ballade dans la vall\u00e9e de l&rsquo;authie. Th\u00e9r\u00e8se s&rsquo;est bien d\u00e9brouill\u00e9e avec le 40D et moi je m&rsquo;habitue au 5D. il y a beaucoup de papillons mais principalement la m\u00eame esp\u00e8ce: Vanessa Cardui (Belle dame), il y en avait un paquet dans le parc de valloires, et une \u00e9norme quantit\u00e9 sur un petit chemin ou nous,\u00a0 nous sommes arret\u00e9 pour piqueniquer. j&rsquo;ai pu prendre un azur\u00e9 mais il a vite fil\u00e9.<\/p>\n<p>\u00a0<\/p>\n<p><a href=\"http:\/\/www.photoaddiction.fr\/www\/albums\/valloire220509\/jose\/index.html\" target=\"_blank\"><img loading=\"lazy\" class=\"alignleft\" style=\"float: left; border: black 2px solid;\" src=\"http:\/\/www.photoaddiction.fr\/www\/albums\/valloire220509\/jose\/thumbs\/IMG_4421.jpg\" alt=\"\" width=\"180\" height=\"180\" \/><\/a><\/p>\n<p>Cliquez sur la miniature du haut pour la gallerie de ma copine et cliquez sur celle ci pour la mienne.<\/p>\n<p>\u00a0<\/p>\n<p>\u00a0<\/p>\n<p>\u00a0<\/p>\n<p>\u00a0<\/p>\n<p>Bon visionnage<\/p>\n<p>\u00a0<\/p>\n<p>\u00a0<\/p>\n<p>\u00a0<\/p>\n<p>\u00a0<\/p>\n<p>jos\u00e9<\/p>\n<p>\u00a0<\/p>\n","protected":false},"excerpt":{"rendered":"<p>Une visite par une journ\u00e9e ensoleill\u00e9e au jardins de valloire plus une ballade dans la vall\u00e9e de l&rsquo;authie. Th\u00e9r\u00e8se s&rsquo;est bien d\u00e9brouill\u00e9e avec&#8230;<\/p>\n","protected":false},"author":1,"featured_media":0,"comment_status":"open","ping_status":"open","sticky":false,"template":"","format":"standard","meta":[],"categories":[93],"tags":[],"_links":{"self":[{"href":"http:\/\/www.photoaddiction.fr\/blog\/wp-json\/wp\/v2\/posts\/144"}],"collection":[{"href":"http:\/\/www.photoaddiction.fr\/blog\/wp-json\/wp\/v2\/posts"}],"about":[{"href":"http:\/\/www.photoaddiction.fr\/blog\/wp-json\/wp\/v2\/types\/post"}],"author":[{"embeddable":true,"href":"http:\/\/www.photoaddiction.fr\/blog\/wp-json\/wp\/v2\/users\/1"}],"replies":[{"embeddable":true,"href":"http:\/\/www.photoaddiction.fr\/blog\/wp-json\/wp\/v2\/comments?post=144"}],"version-history":[{"count":0,"href":"http:\/\/www.photoaddiction.fr\/blog\/wp-json\/wp\/v2\/posts\/144\/revisions"}],"wp:attachment":[{"href":"http:\/\/www.photoaddiction.fr\/blog\/wp-json\/wp\/v2\/media?parent=144"}],"wp:term":[{"taxonomy":"category","embeddable":true,"href":"http:\/\/www.photoaddiction.fr\/blog\/wp-json\/wp\/v2\/categories?post=144"},{"taxonomy":"post_tag","embeddable":true,"href":"http:\/\/www.photoaddiction.fr\/blog\/wp-json\/wp\/v2\/tags?post=144"}],"curies":[{"name":"wp","href":"https:\/\/api.w.org\/{rel}","templated":true}]}}