{"id":133,"date":"2009-05-01T22:11:14","date_gmt":"2009-05-01T20:11:14","guid":{"rendered":"http:\/\/www.photoaddiction.fr\/blog\/?p=133"},"modified":"2009-05-22T04:34:48","modified_gmt":"2009-05-22T02:34:48","slug":"marais-de-peronne-en-melantois-01-mai-2009","status":"publish","type":"post","link":"http:\/\/www.photoaddiction.fr\/blog\/marais-de-peronne-en-melantois-01-mai-2009\/","title":{"rendered":"Marais de Peronne en m\u00e9lantois 01 mai 2009"},"content":{"rendered":"<p><a href=\"http:\/\/www.photoaddiction.fr\/illustration2\/IMG_8153.JPG\" target=\"_blank\"><img loading=\"lazy\" class=\"alignleft\" style=\"float: left; border: black 1px solid;\" src=\"http:\/\/www.photoaddiction.fr\/illustration2\/IMG_8153tmb.JPG\" alt=\"\" width=\"67\" height=\"100\" \/><\/a><a href=\"http:\/\/www.photoaddiction.fr\/illustration2\/IMG_8177.JPG\" target=\"_blank\"><img loading=\"lazy\" class=\"alignleft\" style=\"float: left; border: black 1px solid;\" src=\"http:\/\/www.photoaddiction.fr\/illustration2\/IMG_8177tmb.JPG\" alt=\"\" width=\"150\" height=\"100\" \/><\/a><a href=\"http:\/\/www.photoaddiction.fr\/illustration2\/IMG_8198.JPG\" target=\"_blank\"><img loading=\"lazy\" class=\"alignleft\" style=\"float: left; border: black 1px solid;\" src=\"http:\/\/www.photoaddiction.fr\/illustration2\/IMG_8198tmb.JPG\" alt=\"\" width=\"150\" height=\"100\" \/><\/a><a href=\"http:\/\/www.photoaddiction.fr\/illustration2\/IMG_8213.JPG\" target=\"_blank\"><img loading=\"lazy\" class=\"alignleft\" style=\"float: left; border: black 1px solid;\" src=\"http:\/\/www.photoaddiction.fr\/illustration2\/IMG_8213tmb.JPG\" alt=\"\" width=\"150\" height=\"100\" \/><\/a><\/p>\n<p>f\u00eate du travail et temps magnifique pour un 1 er mai !<br \/>\npremi\u00e8re visite \u00e0 ce marais, bien am\u00e9nag\u00e9. Le probl\u00e8me est qu&rsquo;il y a beaucoup de v\u00e9g\u00e9tation donc une visibilit\u00e9 r\u00e9duite. je n&rsquo;ai pas parcouru tout le parc, je le ferai certainement plus tard. en attendant Voici quelques photos, comme je n&rsquo;y ai pas trouv\u00e9 beaucoup de volatiles, j&rsquo;ai utilis\u00e9 le 70-200 canon comme objectif macro (aid\u00e9 de bagues rallonges).<br \/>\ndans l&rsquo;ordre :<\/p>\n<p>Bernache du canada, le genre de plantes qui nous filent un rhume, un cardinal (Pyrochroa Serraticornis), un tircis.<\/p>\n<p>\u00a0<\/p>\n<p>N&rsquo;oubliez pas de cliquer sur la photo pour l&rsquo;agrandir.<\/p>\n<p><span style=\"color: #ff0000;\"><strong><a href=\"http:\/\/www.photoaddiction.fr\/www\/albums\/040509peronneenmelantois\/\" target=\"_blank\">\u00a0Ajout du 040509 Galerie de sortie macro cliquez sur moi<\/a><\/strong><\/span><\/p>\n<p><strong><span style=\"color: #000000;\">Quelques insectes pour une bonne sortie<\/span><\/strong><\/p>\n<p><strong><\/strong><\/p>\n<p>jos\u00e9<\/p>\n","protected":false},"excerpt":{"rendered":"<p>f\u00eate du travail et temps magnifique pour un 1 er mai ! premi\u00e8re visite \u00e0 ce marais, bien am\u00e9nag\u00e9. Le probl\u00e8me est qu&rsquo;il&#8230;<\/p>\n","protected":false},"author":1,"featured_media":0,"comment_status":"open","ping_status":"open","sticky":false,"template":"","format":"standard","meta":[],"categories":[88],"tags":[],"_links":{"self":[{"href":"http:\/\/www.photoaddiction.fr\/blog\/wp-json\/wp\/v2\/posts\/133"}],"collection":[{"href":"http:\/\/www.photoaddiction.fr\/blog\/wp-json\/wp\/v2\/posts"}],"about":[{"href":"http:\/\/www.photoaddiction.fr\/blog\/wp-json\/wp\/v2\/types\/post"}],"author":[{"embeddable":true,"href":"http:\/\/www.photoaddiction.fr\/blog\/wp-json\/wp\/v2\/users\/1"}],"replies":[{"embeddable":true,"href":"http:\/\/www.photoaddiction.fr\/blog\/wp-json\/wp\/v2\/comments?post=133"}],"version-history":[{"count":0,"href":"http:\/\/www.photoaddiction.fr\/blog\/wp-json\/wp\/v2\/posts\/133\/revisions"}],"wp:attachment":[{"href":"http:\/\/www.photoaddiction.fr\/blog\/wp-json\/wp\/v2\/media?parent=133"}],"wp:term":[{"taxonomy":"category","embeddable":true,"href":"http:\/\/www.photoaddiction.fr\/blog\/wp-json\/wp\/v2\/categories?post=133"},{"taxonomy":"post_tag","embeddable":true,"href":"http:\/\/www.photoaddiction.fr\/blog\/wp-json\/wp\/v2\/tags?post=133"}],"curies":[{"name":"wp","href":"https:\/\/api.w.org\/{rel}","templated":true}]}}