{"id":110,"date":"2009-02-18T22:53:33","date_gmt":"2009-02-18T20:53:33","guid":{"rendered":"http:\/\/www.photoaddiction.fr\/blog\/?p=110"},"modified":"2009-05-24T09:01:15","modified_gmt":"2009-05-24T07:01:15","slug":"18-fevrier-2009","status":"publish","type":"post","link":"http:\/\/www.photoaddiction.fr\/blog\/18-fevrier-2009\/","title":{"rendered":"18 F\u00e9vrier 2009"},"content":{"rendered":"<p>Bon, j&rsquo;ai profit\u00e9 de ce temps pour faire un tour apr\u00e8s le boulot \u00e0 bergelen. La province Flamande\u00a0a fait des petites am\u00e9liorations, je ne sais toujours ce qu&rsquo;il va advenir de l&rsquo;hotel des insectes. Un affichage plus pr\u00e9cis a fait son apparition.<br \/>\n<a href=\"http:\/\/www.photoaddiction.fr\/illustration\/IMG_6618.jpg\" target=\"_blank\"><img loading=\"lazy\" class=\"alignleft\" style=\"float: left; border: black 1px solid;\" src=\"http:\/\/www.photoaddiction.fr\/illustration\/IMG_6618tmb.jpg\" alt=\"\" width=\"150\" height=\"115\" \/><\/a><\/p>\n<p>\u00a0<\/p>\n<p>\u00a0<\/p>\n<p>\u00a0<\/p>\n<p>\u00a0<\/p>\n<p>\u00a0<\/p>\n<p>\u00a0<\/p>\n<p>\u00a0<\/p>\n<p>\u00a0<\/p>\n<p>\u00a0<\/p>\n<p>\u00a0<\/p>\n<p>Voici par ce temps nuageux un fuligule morillon, un cauchemard ce contraste &#8230; autre chose le cadrage j&rsquo;ai pens\u00e9 qu&rsquo;un panoramique rendrait honneur \u00e0 la train\u00e9e, donc si le canard n&rsquo;est pas au 2\/3 \u00e0 l&rsquo;intersection de force; c&rsquo;est fait expr\u00e8s <img onclick=\"grin(':razz:');\" src=\"http:\/\/www.photoaddiction.fr\/blog\/wp-includes\/images\/smilies\/icon_razz.gif\" alt=\":razz:\" \/><\/p>\n<p><a href=\"http:\/\/www.photoaddiction.fr\/illustration\/IMG_6723.jpg\"><img loading=\"lazy\" class=\"alignleft\" style=\"float: left; border: black 2px solid;\" src=\"http:\/\/www.photoaddiction.fr\/illustration\/IMG_6723tmb.jpg\" alt=\"\" width=\"150\" height=\"61\" \/><\/a><\/p>\n<p>\u00a0<\/p>\n<p>\u00a0<\/p>\n<p>\u00a0<\/p>\n<p>\u00a0<\/p>\n<p>\u00a0<\/p>\n<p>\u00a0<\/p>\n<p>\u00a0<\/p>\n<p>Jos\u00e9<\/p>\n<p>\u00a0<\/p>\n","protected":false},"excerpt":{"rendered":"<p>Bon, j&rsquo;ai profit\u00e9 de ce temps pour faire un tour apr\u00e8s le boulot \u00e0 bergelen. La province Flamande\u00a0a fait des petites am\u00e9liorations, je&#8230;<\/p>\n","protected":false},"author":1,"featured_media":0,"comment_status":"open","ping_status":"open","sticky":false,"template":"","format":"standard","meta":[],"categories":[94],"tags":[],"_links":{"self":[{"href":"http:\/\/www.photoaddiction.fr\/blog\/wp-json\/wp\/v2\/posts\/110"}],"collection":[{"href":"http:\/\/www.photoaddiction.fr\/blog\/wp-json\/wp\/v2\/posts"}],"about":[{"href":"http:\/\/www.photoaddiction.fr\/blog\/wp-json\/wp\/v2\/types\/post"}],"author":[{"embeddable":true,"href":"http:\/\/www.photoaddiction.fr\/blog\/wp-json\/wp\/v2\/users\/1"}],"replies":[{"embeddable":true,"href":"http:\/\/www.photoaddiction.fr\/blog\/wp-json\/wp\/v2\/comments?post=110"}],"version-history":[{"count":0,"href":"http:\/\/www.photoaddiction.fr\/blog\/wp-json\/wp\/v2\/posts\/110\/revisions"}],"wp:attachment":[{"href":"http:\/\/www.photoaddiction.fr\/blog\/wp-json\/wp\/v2\/media?parent=110"}],"wp:term":[{"taxonomy":"category","embeddable":true,"href":"http:\/\/www.photoaddiction.fr\/blog\/wp-json\/wp\/v2\/categories?post=110"},{"taxonomy":"post_tag","embeddable":true,"href":"http:\/\/www.photoaddiction.fr\/blog\/wp-json\/wp\/v2\/tags?post=110"}],"curies":[{"name":"wp","href":"https:\/\/api.w.org\/{rel}","templated":true}]}}