{"id":108,"date":"2008-12-28T18:50:47","date_gmt":"2008-12-28T16:50:47","guid":{"rendered":"http:\/\/www.photoaddiction.fr\/blog\/?p=108"},"modified":"2009-01-10T14:32:38","modified_gmt":"2009-01-10T12:32:38","slug":"park-zoo-s-inacio-a-gaia-portugal-28-12-08","status":"publish","type":"post","link":"http:\/\/www.photoaddiction.fr\/blog\/park-zoo-s-inacio-a-gaia-portugal-28-12-08\/","title":{"rendered":"Park &#038; Zoo S. Inacio \u00e0 Gaia portugal 28-12-08"},"content":{"rendered":"<p><a href=\"http:\/\/www.photoaddiction.fr\/www\/albums\/gaia281208\/index.html\" target=\"_blank\"><img loading=\"lazy\" class=\"alignleft\" style=\"float: left; border: black 2px solid;\" src=\"http:\/\/www.photoaddiction.fr\/www\/albums\/gaia281208\/photos\/thumbs\/IMG_5747.jpg\" alt=\"\" width=\"160\" height=\"106\" \/><\/a><\/p>\n<p>en partant au portugal, cela faisait 18 ans que je n&rsquo;y avait pas mis les pieds. j&rsquo;avais une appr\u00e9hension sur la condition de captivit\u00e9 des animaux dans les parcs. j&rsquo;en ressort assez content et fier ! dans la pluspart des zoos visit\u00e9s, l&rsquo;\u00e9ducation est mise en avant. une bonne partie sont membres de l&rsquo;EAZA ou de<br \/>\nla WAZA et participent \u00e0 des eep. Une prise de conscience collective de la biodiversit\u00e9 et de l&rsquo;\u00e9cologie. je suis maintenant certain que globalement ils n&rsquo;ont pas \u00e0 rougir de ce qui se fait ici ou en Belgique.(suis all\u00e9 du sud au nord) Tout n&rsquo;est pas parfait loin de l\u00e0, mais beaucoup mieux que ce que j&rsquo;appr\u00e9hendais, avec une mention particuli\u00e8re pour ce dernier parc de Gaia ! insectarium, Serre \u00e0 papillons !! vivariums, serre tropicale. grand enclos, possibilit\u00e9 de s&rsquo;\u00e9tendre etc &#8230; l\u00e0 c&rsquo;est sur j&rsquo;y retourne d\u00e8s que possible.<\/p>\n<p>Cliquez sur la miniature pour acceder \u00e0 la galerie et \u00e0 l&rsquo;avant propos.<\/p>\n<p>\u00a0<\/p>\n<p>jose<\/p>\n<p>\u00a0<\/p>\n","protected":false},"excerpt":{"rendered":"<p>en partant au portugal, cela faisait 18 ans que je n&rsquo;y avait pas mis les pieds. j&rsquo;avais une appr\u00e9hension sur la condition de&#8230;<\/p>\n","protected":false},"author":1,"featured_media":0,"comment_status":"open","ping_status":"open","sticky":false,"template":"","format":"standard","meta":[],"categories":[79],"tags":[],"_links":{"self":[{"href":"http:\/\/www.photoaddiction.fr\/blog\/wp-json\/wp\/v2\/posts\/108"}],"collection":[{"href":"http:\/\/www.photoaddiction.fr\/blog\/wp-json\/wp\/v2\/posts"}],"about":[{"href":"http:\/\/www.photoaddiction.fr\/blog\/wp-json\/wp\/v2\/types\/post"}],"author":[{"embeddable":true,"href":"http:\/\/www.photoaddiction.fr\/blog\/wp-json\/wp\/v2\/users\/1"}],"replies":[{"embeddable":true,"href":"http:\/\/www.photoaddiction.fr\/blog\/wp-json\/wp\/v2\/comments?post=108"}],"version-history":[{"count":0,"href":"http:\/\/www.photoaddiction.fr\/blog\/wp-json\/wp\/v2\/posts\/108\/revisions"}],"wp:attachment":[{"href":"http:\/\/www.photoaddiction.fr\/blog\/wp-json\/wp\/v2\/media?parent=108"}],"wp:term":[{"taxonomy":"category","embeddable":true,"href":"http:\/\/www.photoaddiction.fr\/blog\/wp-json\/wp\/v2\/categories?post=108"},{"taxonomy":"post_tag","embeddable":true,"href":"http:\/\/www.photoaddiction.fr\/blog\/wp-json\/wp\/v2\/tags?post=108"}],"curies":[{"name":"wp","href":"https:\/\/api.w.org\/{rel}","templated":true}]}}