{"id":10,"date":"2007-08-13T19:51:09","date_gmt":"2007-08-13T17:51:09","guid":{"rendered":"http:\/\/www.photoaddiction.fr\/blog\/?p=10"},"modified":"2009-05-24T09:38:03","modified_gmt":"2009-05-24T07:38:03","slug":"12-aout-villes-diverses","status":"publish","type":"post","link":"http:\/\/www.photoaddiction.fr\/blog\/12-aout-villes-diverses\/","title":{"rendered":"13 Aout Villes diverses"},"content":{"rendered":"<p class=\"number\"><a href=\"http:\/\/www.photoaddiction.fr\/www\/diversvilles\/index.html\"><img loading=\"lazy\" class=\"alignleft\" style=\"float: left; border: black 2px solid;\" src=\"http:\/\/www.photoaddiction.fr\/www\/diversvilles\/thumbs\/etretat4.JPG\" alt=\"\" width=\"160\" height=\"106\" \/><\/a>Quelques photos de la cath\u00e9drale d&rsquo;Amiens, de la place d&rsquo;Arras, Etretat, deux photos de Tournai, le temps n&rsquo;etait pas tr\u00e8s bon ce qui a emp\u00each\u00e9 de faire de plus nombreuses photos et enfin 2 photos de village par o\u00f9 nous sommes pass\u00e9s.<\/p>\n<p class=\"Style1\"><a href=\"http:\/\/www.u-picardie.fr\/~patrick\/Cathedrale\/visite.html\" target=\"_blank\">Site cath\u00e9drale d&rsquo;Amiens<\/a>, <a href=\"http:\/\/www.ville-arras.fr\/\" target=\"_blank\">Site de la ville d&rsquo;Arras<\/a>, <a href=\"http:\/\/www.etretat.com\/\" target=\"_blank\">Site d&rsquo;Etretat, <\/a><span class=\"Style1\"><a href=\"http:\/\/www.tournai.be\/\" target=\"_blank\">Tournai<\/a><\/span><\/p>\n<p class=\"Style1\"><span class=\"Style1\">Cliquez sur l&rsquo;image pour agrandir<\/span><\/p>\n","protected":false},"excerpt":{"rendered":"<p>Quelques photos de la cath\u00e9drale d&rsquo;Amiens, de la place d&rsquo;Arras, Etretat, deux photos de Tournai, le temps n&rsquo;etait pas tr\u00e8s bon ce qui&#8230;<\/p>\n","protected":false},"author":1,"featured_media":0,"comment_status":"open","ping_status":"open","sticky":false,"template":"","format":"standard","meta":[],"categories":[106],"tags":[],"_links":{"self":[{"href":"http:\/\/www.photoaddiction.fr\/blog\/wp-json\/wp\/v2\/posts\/10"}],"collection":[{"href":"http:\/\/www.photoaddiction.fr\/blog\/wp-json\/wp\/v2\/posts"}],"about":[{"href":"http:\/\/www.photoaddiction.fr\/blog\/wp-json\/wp\/v2\/types\/post"}],"author":[{"embeddable":true,"href":"http:\/\/www.photoaddiction.fr\/blog\/wp-json\/wp\/v2\/users\/1"}],"replies":[{"embeddable":true,"href":"http:\/\/www.photoaddiction.fr\/blog\/wp-json\/wp\/v2\/comments?post=10"}],"version-history":[{"count":0,"href":"http:\/\/www.photoaddiction.fr\/blog\/wp-json\/wp\/v2\/posts\/10\/revisions"}],"wp:attachment":[{"href":"http:\/\/www.photoaddiction.fr\/blog\/wp-json\/wp\/v2\/media?parent=10"}],"wp:term":[{"taxonomy":"category","embeddable":true,"href":"http:\/\/www.photoaddiction.fr\/blog\/wp-json\/wp\/v2\/categories?post=10"},{"taxonomy":"post_tag","embeddable":true,"href":"http:\/\/www.photoaddiction.fr\/blog\/wp-json\/wp\/v2\/tags?post=10"}],"curies":[{"name":"wp","href":"https:\/\/api.w.org\/{rel}","templated":true}]}}